{"id":36081,"date":"2026-05-19T10:36:49","date_gmt":"2026-05-19T08:36:49","guid":{"rendered":"https:\/\/businessvordingborg.dk\/?p=36081"},"modified":"2026-08-28T11:18:10","modified_gmt":"2026-08-28T09:18:10","slug":"fondsmidler-er-med-til-at-skabe-20-nye-arbejdspladser-i-langebaek","status":"publish","type":"post","link":"https:\/\/businessvordingborg.dk\/en\/fondsmidler-er-med-til-at-skabe-20-nye-arbejdspladser-i-langebaek\/","title":{"rendered":"Fondsmidler er med til at skabe 20 nye arbejdspladser i Langeb\u00e6k"},"content":{"rendered":"<p>[et_pb_section fb_built=&#8221;1&#8243; _builder_version=&#8221;4.17.1&#8243; _module_preset=&#8221;default&#8221; global_colors_info=&#8221;{}&#8221;][et_pb_row admin_label=&#8221;Top slider\/video\/billede&#8221; _builder_version=&#8221;4.21.0&#8243; _module_preset=&#8221;default&#8221; global_colors_info=&#8221;{}&#8221;][et_pb_column type=&#8221;4_4&#8243; _builder_version=&#8221;4.16&#8243; _module_preset=&#8221;default&#8221; global_colors_info=&#8221;{}&#8221;][et_pb_image src=&#8221;https:\/\/businessvordingborg.dk\/wp-content\/uploads\/2026\/05\/IMG_4362_lysnet_1180x664.jpg&#8221; title_text=&#8221;IMG_4362_lysnet_1180x664&#8243; _builder_version=&#8221;4.27.6&#8243; _module_preset=&#8221;default&#8221; custom_margin=&#8221;-30px||||false|false&#8221; global_colors_info=&#8221;{}&#8221;][\/et_pb_image][\/et_pb_column][\/et_pb_row][et_pb_row admin_label=&#8221;1. Afsnit&#8221; _builder_version=&#8221;4.17.1&#8243; _module_preset=&#8221;default&#8221; global_colors_info=&#8221;{}&#8221;][et_pb_column type=&#8221;4_4&#8243; _builder_version=&#8221;4.17.1&#8243; _module_preset=&#8221;default&#8221; global_colors_info=&#8221;{}&#8221;][et_pb_text quote_border_weight=&#8221;1px&#8221; quote_border_color=&#8221;gcid-f07730a7-78aa-41b7-a593-1fcf9c0692cb&#8221; _builder_version=&#8221;4.27.6&#8243; _module_preset=&#8221;default&#8221; global_colors_info=&#8221;{%22gcid-f07730a7-78aa-41b7-a593-1fcf9c0692cb%22:%91%22quote_border_color%22%93}&#8221;]<\/p>\n<p><strong>Fonden B\u00f8gestr\u00f8mmen med direkt\u00f8r Line Sidenius Rode i spidsen har modtaget tilsagn om en donation p\u00e5 24 millioner kroner til etablering af et nyt botilbud i det tidligere r\u00e5dhus i Langeb\u00e6k. If\u00f8lge fondsr\u00e5dgiver Dennis H\u00f8rmann er projektets 20 nye arbejdspladser en \u2018positiv afledt effekt\u2019 af fondsmidlerne, og han g\u00f8r opm\u00e6rksom p\u00e5, at virksomheder sagtens kan udvikle sig og skabe nye arbejdspladser i samarbejde med en eller flere fonde. <\/strong><\/p>\n<p>Danmark er med cirka 8.000 styk et af de lande i verden, der har flest fonde per indbygger. Der uddeles if\u00f8lge <a href=\"https:\/\/www.dst.dk\/da\/Statistik\/udgivelser\/NytHtml?cid=53906\">Danmarks Statistik<\/a> \u00e5rligt omkring 30 milliarder kroner fra de danske fonde, og selvom det er mange penge, s\u00e5 er antallet af ans\u00f8gninger ogs\u00e5 h\u00f8jt &#8211; nogle fonde modtager helt op til 10.000 ans\u00f8gninger om \u00e5ret.<\/p>\n<p>Alligevel er det ikke umuligt at opn\u00e5 fondsst\u00f8tte &#8211; heller ikke for virksomheder &#8211; hvis bare projektet er grundigt forberedt og hj\u00e6lper med at l\u00f8se en samfundsudfordring p\u00e5 en m\u00e5de, der taler ind i de rammer og vedt\u00e6gter, en given fond har.<\/p>\n<p>Med to \u00e5rs forberedende arbejde er direkt\u00f8r Line Sidenius Rodes ambition om etablering af et nyt bosted for voksne med autisme et af de projekter, der er n\u00e5et igennem n\u00e5le\u00f8jet hos Den A.P. M\u00f8llerske St\u00f8ttefond og i december 2025 har <a href=\"https:\/\/www.apmollerfonde.dk\/projekter\/bofaellesskabet-boegestroemmen\/\">modtaget tilsagn om 24 millioner kroner<\/a>.<\/p>\n<p>[\/et_pb_text][\/et_pb_column][\/et_pb_row][et_pb_row disabled_on=&#8221;off|off|off&#8221; admin_label=&#8221;Udvalgt citat (v. 3.2)&#8221; _builder_version=&#8221;4.23.1&#8243; width=&#8221;100%&#8221; custom_padding=&#8221;70px||100px||false|false&#8221; locked=&#8221;off&#8221; global_colors_info=&#8221;{}&#8221;][et_pb_column type=&#8221;4_4&#8243; _builder_version=&#8221;4.16&#8243; global_colors_info=&#8221;{}&#8221;][et_pb_text admin_label=&#8221;Nyt citationstegn&#8221; _builder_version=&#8221;4.23.1&#8243; _module_preset=&#8221;default&#8221; text_font=&#8221;Playfair Display||||||||&#8221; text_text_color=&#8221;gcid-ad15c189-668d-4fdd-8c2c-27e0abd920d2&#8243; text_font_size=&#8221;200px&#8221; header_3_font=&#8221;Playfair Display||||||||&#8221; header_3_text_color=&#8221;gcid-ad15c189-668d-4fdd-8c2c-27e0abd920d2&#8243; header_3_font_size=&#8221;200px&#8221; custom_margin=&#8221;-20px||||false|false&#8221; custom_padding_tablet=&#8221;&#8221; custom_padding_phone=&#8221;&#8221; custom_padding_last_edited=&#8221;on|desktop&#8221; animation_style=&#8221;flip&#8221; animation_delay=&#8221;500ms&#8221; animation_intensity_flip=&#8221;200%&#8221; global_colors_info=&#8221;{%22gcid-ad15c189-668d-4fdd-8c2c-27e0abd920d2%22:%91%22text_text_color%22,%22header_3_text_color%22%93}&#8221;]<\/p>\n<h3 style=\"text-align: center;\">\u201c<\/h3>\n<p>[\/et_pb_text][et_pb_text admin_label=&#8221;Citat&#8221; _builder_version=&#8221;4.27.6&#8243; header_3_font=&#8221;||on|||||#EDF000|solid&#8221; header_3_text_align=&#8221;center&#8221; header_3_text_color=&#8221;gcid-f07730a7-78aa-41b7-a593-1fcf9c0692cb&#8221; header_3_font_size=&#8221;1.4rem&#8221; header_3_line_height=&#8221;1.3em&#8221; custom_margin=&#8221;-140px|120px||120px|false|true&#8221; custom_margin_tablet=&#8221;|70px||70px|true|true&#8221; custom_margin_phone=&#8221;|30px||30px|false|true&#8221; custom_margin_last_edited=&#8221;on|phone&#8221; header_3_font_size_tablet=&#8221;1.3rem&#8221; header_3_font_size_phone=&#8221;1.1rem&#8221; header_3_font_size_last_edited=&#8221;on|phone&#8221; global_colors_info=&#8221;{%22gcid-f07730a7-78aa-41b7-a593-1fcf9c0692cb%22:%91%22header_3_text_color%22%93}&#8221;]<\/p>\n<h3>&#8220;Der skal ogs\u00e5 v\u00e6re klare overvejelser omkring bestyrelsens kompetencer, vedt\u00e6gter, b\u00e6redygtighed samt et gennemarbejdet budget.&#8221;<\/h3>\n<p>[\/et_pb_text][et_pb_text admin_label=&#8221;Navneskilt&#8221; _builder_version=&#8221;4.27.6&#8243; _module_preset=&#8221;default&#8221; text_font_size=&#8221;13px&#8221; positioning=&#8221;relative&#8221; custom_margin=&#8221;-30px||||false|false&#8221; custom_padding=&#8221;||||false|false&#8221; locked=&#8221;off&#8221; global_colors_info=&#8221;{}&#8221;]<\/p>\n<p style=\"text-align: center;\"><a href=\"https:\/\/www.linkedin.com\/in\/linesideniusrode\/\">Line Sidenius Rode<\/a> | direkt\u00f8r, Fonden B\u00f8gestr\u00f8mmen<\/p>\n<p>[\/et_pb_text][\/et_pb_column][\/et_pb_row][et_pb_row admin_label=&#8221;2. God kvalitet og bedste udvikling&#8221; _builder_version=&#8221;4.16&#8243; _module_preset=&#8221;default&#8221; global_colors_info=&#8221;{}&#8221;][et_pb_column type=&#8221;4_4&#8243; _builder_version=&#8221;4.16&#8243; _module_preset=&#8221;default&#8221; global_colors_info=&#8221;{}&#8221;][et_pb_text quote_border_weight=&#8221;1px&#8221; quote_border_color=&#8221;gcid-f07730a7-78aa-41b7-a593-1fcf9c0692cb&#8221; _builder_version=&#8221;4.27.6&#8243; _module_preset=&#8221;default&#8221; global_colors_info=&#8221;{%22gcid-f07730a7-78aa-41b7-a593-1fcf9c0692cb%22:%91%22quote_border_color%22%93}&#8221;]<\/p>\n<h2>God kvalitet og bedste udvikling<\/h2>\n<p>Sammen med sin medstifter, Christian Petersen, har Line Sidenius Rode en vision om at skabe rammerne for et v\u00e6rdigt liv for voksne med autisme eller udviklingsh\u00e6mning. Et botilbud, hvor man kan f\u00e5 lov til at blive det meste af livet i trygge og genkendelige rammer.<\/p>\n<p>\u201cDet er et opg\u00f8r med de store &#8216;maskiner&#8217; p\u00e5 socialomr\u00e5det. Vi er et mindre sted med plads til 16 beboere, fordi unders\u00f8gelser viser, at det giver den h\u00f8jeste kvalitet og bedste udvikling. Vi regner med, at det i f\u00f8rste omgang skaber rum for 20-25 arbejdspladser,\u201d fort\u00e6ller Line Sidenius Rode, der kommer med en baggrund fra b\u00e5de kommerciel virksomhed og socialfaglig ledelse.<\/p>\n<p>Oprindeligt er hun uddannet med en bachelor i business inden for hotel-ledelse i Australien og har rejst verden rundt som konsulent for Hilton som en slags hotel-doktor, der optimerede drift og indtjening.<\/p>\n<p>\u201cDa jeg vendte hjem til M\u00f8n, startede jeg ved et tilf\u00e6lde som vikar p\u00e5 et socialt botilbud og opdagede hurtigt, at mine f\u00e6rdigheder inden for \u00f8konomi og ledelse kunne overf\u00f8res direkte til den sociale sektor. Siden da har jeg ogs\u00e5 v\u00e6ret forstander og afdelingsleder for otte social\u00f8konomiske virksomheder (indenfor samme koncern), mens jeg har taget en Master i L\u00e6reprocesser med speciale i Ledelses- og Organisationspsykologi,\u201d fort\u00e6ller Line Sidenius Rode.<\/p>\n<p>Hun er dermed selv en af de st\u00e6rke kompetencer, der er t\u00e6nkt med ind i og beskrevet i ans\u00f8gningen til Den A.P. M\u00f8llerske St\u00f8ttefond.<\/p>\n<p>&#8220;En st\u00e6rk ans\u00f8gning foruds\u00e6tter, at der er arbejdet grundigt med alle dele af projektet. Det er ikke tilstr\u00e6kkeligt alene at beskrive det p\u00e6dagogiske fundament &#8211; der skal ogs\u00e5 v\u00e6re klare overvejelser omkring bestyrelsens kompetencer, vedt\u00e6gter, b\u00e6redygtighed samt et gennemarbejdet budget,\u201d forklarer Line Sidenius Rode.<\/p>\n<p>[\/et_pb_text][\/et_pb_column][\/et_pb_row][et_pb_row disabled_on=&#8221;off|off|off&#8221; admin_label=&#8221;Udvalgt citat (v. 3.2)&#8221; _builder_version=&#8221;4.23.1&#8243; width=&#8221;100%&#8221; custom_padding=&#8221;70px||100px||false|false&#8221; locked=&#8221;off&#8221; global_colors_info=&#8221;{}&#8221;][et_pb_column type=&#8221;4_4&#8243; _builder_version=&#8221;4.16&#8243; global_colors_info=&#8221;{}&#8221;][et_pb_text admin_label=&#8221;Nyt citationstegn&#8221; _builder_version=&#8221;4.23.1&#8243; _module_preset=&#8221;default&#8221; text_font=&#8221;Playfair Display||||||||&#8221; text_text_color=&#8221;gcid-ad15c189-668d-4fdd-8c2c-27e0abd920d2&#8243; text_font_size=&#8221;200px&#8221; header_3_font=&#8221;Playfair Display||||||||&#8221; header_3_text_color=&#8221;gcid-ad15c189-668d-4fdd-8c2c-27e0abd920d2&#8243; header_3_font_size=&#8221;200px&#8221; custom_margin=&#8221;-20px||||false|false&#8221; custom_padding_tablet=&#8221;&#8221; custom_padding_phone=&#8221;&#8221; custom_padding_last_edited=&#8221;on|desktop&#8221; animation_style=&#8221;flip&#8221; animation_delay=&#8221;500ms&#8221; animation_intensity_flip=&#8221;200%&#8221; global_colors_info=&#8221;{%22gcid-ad15c189-668d-4fdd-8c2c-27e0abd920d2%22:%91%22text_text_color%22,%22header_3_text_color%22%93}&#8221;]<\/p>\n<h3 style=\"text-align: center;\">\u201c<\/h3>\n<p>[\/et_pb_text][et_pb_text admin_label=&#8221;Citat&#8221; _builder_version=&#8221;4.27.6&#8243; header_3_font=&#8221;||on|||||#EDF000|solid&#8221; header_3_text_align=&#8221;center&#8221; header_3_text_color=&#8221;gcid-f07730a7-78aa-41b7-a593-1fcf9c0692cb&#8221; header_3_font_size=&#8221;1.4rem&#8221; header_3_line_height=&#8221;1.3em&#8221; custom_margin=&#8221;-140px|120px||120px|false|true&#8221; custom_margin_tablet=&#8221;|70px||70px|true|true&#8221; custom_margin_phone=&#8221;|30px||30px|false|true&#8221; custom_margin_last_edited=&#8221;on|phone&#8221; header_3_font_size_tablet=&#8221;1.3rem&#8221; header_3_font_size_phone=&#8221;1.1rem&#8221; header_3_font_size_last_edited=&#8221;on|phone&#8221; global_colors_info=&#8221;{%22gcid-f07730a7-78aa-41b7-a593-1fcf9c0692cb%22:%91%22header_3_text_color%22%93}&#8221;]<\/p>\n<h3>&#8220;Man skal komme med et projekt, der er innovativt og nyt\u00e6nkende, fx en opfindelse, en prototype eller et nyt koncept, der skal ud og leve.&#8221;<\/h3>\n<p>[\/et_pb_text][et_pb_text admin_label=&#8221;Navneskilt&#8221; _builder_version=&#8221;4.27.6&#8243; _module_preset=&#8221;default&#8221; text_font_size=&#8221;13px&#8221; positioning=&#8221;relative&#8221; custom_margin=&#8221;-30px||||false|false&#8221; custom_padding=&#8221;||||false|false&#8221; locked=&#8221;off&#8221; global_colors_info=&#8221;{}&#8221;]<\/p>\n<p style=\"text-align: center;\"><a href=\"https:\/\/www.linkedin.com\/in\/dennishoermann\/\">Dennis H\u00f8rmann<\/a> | Fondsr\u00e5dgiver, Fundraiseren<\/p>\n<p>[\/et_pb_text][\/et_pb_column][\/et_pb_row][et_pb_row admin_label=&#8221;3. Engagementet skal skinne&#8221; _builder_version=&#8221;4.27.6&#8243; _module_preset=&#8221;default&#8221; global_colors_info=&#8221;{}&#8221;][et_pb_column type=&#8221;4_4&#8243; _builder_version=&#8221;4.16&#8243; _module_preset=&#8221;default&#8221; global_colors_info=&#8221;{}&#8221;][et_pb_text quote_border_weight=&#8221;1px&#8221; quote_border_color=&#8221;gcid-f07730a7-78aa-41b7-a593-1fcf9c0692cb&#8221; _builder_version=&#8221;4.27.6&#8243; _module_preset=&#8221;default&#8221; global_colors_info=&#8221;{%22gcid-f07730a7-78aa-41b7-a593-1fcf9c0692cb%22:%91%22quote_border_color%22%93}&#8221;]<\/p>\n<h2>Engagementet skal skinne<\/h2>\n<p>\u201cN\u00e5r man s\u00f8ger fonde, er det vigtigt at v\u00e6re transparent omkring projektets finansiering. Vi redegjorde \u00e5bent for, hvordan projektet var sammensat af fondsmidler, realkreditfinansiering og private investeringer. Samtidig er det afg\u00f8rende at ramme et realistisk ans\u00f8gningsniveau &#8211; man skal hverken s\u00f8ge for lidt eller for meget, men sikre et finansieringsgrundlag, der g\u00f8r projektet b\u00e6redygtigt p\u00e5 l\u00e6ngere sigt, s\u00e5 man ikke efterf\u00f8lgende st\u00e5r i en situation, hvor man m\u00e5 s\u00f8ge yderligere midler. Det vigtigste er dog, at ans\u00f8gningen tydeligt afspejler engagement, ansvar og ejerskab,\u201d fort\u00e6ller Line Sidenius Rode.<\/p>\n<p>\u201cFonden skal kunne m\u00e6rke, at det her er et projekt, der kommer indefra, og at man har kompetencerne til at f\u00f8re det ud i livet.\u201d<\/p>\n<p>Uvildig fondsr\u00e5dgiver, Dennis H\u00f8rmann, er enig. Det er vigtigt at v\u00e6re transparent om projektet helt fra start. Og det er vigtigt, at man holder sig for \u00f8je, at det at skabe arbejdspladser er det, man kalder \u2018en positiv afledt effekt\u2019 af et fondsst\u00f8ttet projekt.<\/p>\n<p>Det er sj\u00e6ldent, at jobskabelse kan v\u00e6re et form\u00e5l i sig selv; bortset fra i de puljer, der findes i erhvervsfremmesystemet, men som udg\u00f8r en meget lille del af det samlede, danske fondslandskab.<\/p>\n<p>\u201cMan kan ikke som virksomhed bare sige, hov, jeg mangler nogle penge, jeg kan ikke l\u00e5ne dem i banken, s\u00e5 nu henter jeg dem i en fond. Man skal til de fleste fonde komme med et projekt, der er innovativt og nyt\u00e6nkende, fx en opfindelse, en prototype eller et nyt koncept, der skal ud og leve, og man skal kunne dokumentere et samfundsm\u00e6ssigt impact,\u201d fort\u00e6ller Dennis H\u00f8rmann.<\/p>\n<p>[\/et_pb_text][\/et_pb_column][\/et_pb_row][et_pb_row admin_label=&#8221;3. Engagementet skal skinne&#8221; _builder_version=&#8221;4.27.6&#8243; _module_preset=&#8221;default&#8221; background_color=&#8221;#f2f2f2&#8243; custom_margin=&#8221;15px||15px||true|false&#8221; custom_padding=&#8221;|15px||15px|false|true&#8221; border_radii=&#8221;on|15px|15px|15px|15px&#8221; global_colors_info=&#8221;{}&#8221;][et_pb_column type=&#8221;4_4&#8243; _builder_version=&#8221;4.16&#8243; _module_preset=&#8221;default&#8221; global_colors_info=&#8221;{}&#8221;][et_pb_text quote_border_weight=&#8221;1px&#8221; quote_border_color=&#8221;gcid-f07730a7-78aa-41b7-a593-1fcf9c0692cb&#8221; _builder_version=&#8221;4.27.6&#8243; _module_preset=&#8221;default&#8221; global_colors_info=&#8221;{%22gcid-f07730a7-78aa-41b7-a593-1fcf9c0692cb%22:%91%22quote_border_color%22%93}&#8221;]<\/p>\n<p><strong>L\u00c6S OGS\u00c5: <a href=\"https:\/\/businessvordingborg.dk\/det-bliver-nemmere-at-modtage-tilskud-fra-erhvervsfremmesystemet\/\">Det bliver nemmere at modtage tilskud fra erhvervsfremmesystemet<\/a><\/strong><\/p>\n<p>[\/et_pb_text][\/et_pb_column][\/et_pb_row][et_pb_row admin_label=&#8221;4. Start med en interessentanalyse&#8221; _builder_version=&#8221;4.16&#8243; _module_preset=&#8221;default&#8221; global_colors_info=&#8221;{}&#8221;][et_pb_column type=&#8221;4_4&#8243; _builder_version=&#8221;4.16&#8243; _module_preset=&#8221;default&#8221; global_colors_info=&#8221;{}&#8221;][et_pb_text quote_border_weight=&#8221;1px&#8221; quote_border_color=&#8221;gcid-f07730a7-78aa-41b7-a593-1fcf9c0692cb&#8221; _builder_version=&#8221;4.27.6&#8243; _module_preset=&#8221;default&#8221; global_colors_info=&#8221;{%22gcid-f07730a7-78aa-41b7-a593-1fcf9c0692cb%22:%91%22quote_border_color%22%93}&#8221;]<\/p>\n<h2>Start med en interessentanalyse<\/h2>\n<p>Man kan for eksempel starte med at lave en interessentanalyse hos de kommende brugere for at kunne vise et billede af behovet.<\/p>\n<p>\u201cMit bedste r\u00e5d er at t\u00e6nke i flere baner &#8211; flere forskellige fonde. Det er ogs\u00e5 en god ide at v\u00e6re nysgerrig og \u00e5ben over for nye muligheder og over for de v\u00e6rkt\u00f8jer, der findes,\u201d siger Dennis H\u00f8rmann.<\/p>\n<p>Han har arbejdet med fundraising siden han som 18-\u00e5rig studerende blev \u2018afh\u00e6ngig\u2019, som han selv kalder det, af at s\u00f8ge legater til udlandsophold undervejs i sin cand-merc.-uddannelse. Han er i dag selvst\u00e6ndig fondsr\u00e5dgiver, udviklingskonsulent og partner i konsulentvirksomheden Fundraiseren, der ogs\u00e5 driver databasen <a href=\"http:\/\/fonde.dk\">Fonde.dk<\/a><\/p>\n<p>Han g\u00f8r opm\u00e6rksom p\u00e5, at man ofte ogs\u00e5 ser, at fondene gerne vil have en beskrivelse af business casen, alts\u00e5 et driftsbudget.<\/p>\n<p>\u201cDe fleste fonde vil gerne kunne se, at man har gjort sig tanker om, hvordan projektet skal drives videre bagefter.\u201d<\/p>\n<p>[\/et_pb_text][\/et_pb_column][\/et_pb_row][et_pb_row admin_label=&#8221;5. Samfundsnyttige projekter opn\u00e5r st\u00f8tte&#8221; _builder_version=&#8221;4.16&#8243; _module_preset=&#8221;default&#8221; global_colors_info=&#8221;{}&#8221;][et_pb_column type=&#8221;4_4&#8243; _builder_version=&#8221;4.16&#8243; _module_preset=&#8221;default&#8221; global_colors_info=&#8221;{}&#8221;][et_pb_text quote_border_weight=&#8221;1px&#8221; quote_border_color=&#8221;gcid-f07730a7-78aa-41b7-a593-1fcf9c0692cb&#8221; _builder_version=&#8221;4.27.6&#8243; _module_preset=&#8221;default&#8221; global_colors_info=&#8221;{%22gcid-f07730a7-78aa-41b7-a593-1fcf9c0692cb%22:%91%22quote_border_color%22%93}&#8221;]<\/p>\n<h2>Samfundsnyttige projekter opn\u00e5r st\u00f8tte<\/h2>\n<p>Det er if\u00f8lge fondsr\u00e5dgiveren en myte, at virksomheder ikke kan modtage finansiering via fondsmidler. Det er godt nok korrekt, at et kommercielt ApS eller A\/S sj\u00e6ldent kan modtage finansiering direkte fra en almennyttig fond, da det ofte vil v\u00e6re i strid med fondens form\u00e5l om &#8211; ja, det almennyttige.<\/p>\n<p>Men if\u00f8lge Dennis H\u00f8rmann handler det om at se p\u00e5 et projekt mere bredt:<\/p>\n<p>\u201cFundraising handler om at finde det bedste match mellem projekt og fond. Det kan v\u00e6re sv\u00e6rt med et ApS som direkte afsender p\u00e5 ans\u00f8gningen, fordi det i sig selv signalerer, at form\u00e5let er at tjene penge, hvilket ikke er i god harmoni med en fonds almennyttige sigte\u201d, fort\u00e6ller Dennis H\u00f8rmann.<\/p>\n<p>Han anbefaler, at man i stedet vinkler sig selv i forhold til fondens form\u00e5l. For eksempel kan man som virksomhed se sig selv ind i projektet som leverand\u00f8r, mens selve ans\u00f8geren skal v\u00e6re den, der er mest \u2018ans\u00f8gningsberettiget\u2019.<\/p>\n<p>Det kan fx v\u00e6re en god ide at alliere sig med en kommune, en forening eller en registreret social\u00f8konomisk virksomhed.<\/p>\n<p>\u201cDet er i det hele taget en god ide med partnerskaber. Det skal give mening for projektet, selvf\u00f8lgelig, men en ans\u00f8gning bliver super st\u00e6rk, n\u00e5r man er flere om at ans\u00f8ge,\u201d pointerer Dennis H\u00f8rmann.<\/p>\n<p>[\/et_pb_text][\/et_pb_column][\/et_pb_row][et_pb_row disabled_on=&#8221;off|off|off&#8221; admin_label=&#8221;Udvalgt citat (v. 3.2)&#8221; _builder_version=&#8221;4.23.1&#8243; width=&#8221;100%&#8221; custom_padding=&#8221;70px||100px||false|false&#8221; locked=&#8221;off&#8221; global_colors_info=&#8221;{}&#8221;][et_pb_column type=&#8221;4_4&#8243; _builder_version=&#8221;4.16&#8243; global_colors_info=&#8221;{}&#8221;][et_pb_text admin_label=&#8221;Nyt citationstegn&#8221; _builder_version=&#8221;4.23.1&#8243; _module_preset=&#8221;default&#8221; text_font=&#8221;Playfair Display||||||||&#8221; text_text_color=&#8221;gcid-ad15c189-668d-4fdd-8c2c-27e0abd920d2&#8243; text_font_size=&#8221;200px&#8221; header_3_font=&#8221;Playfair Display||||||||&#8221; header_3_text_color=&#8221;gcid-ad15c189-668d-4fdd-8c2c-27e0abd920d2&#8243; header_3_font_size=&#8221;200px&#8221; custom_margin=&#8221;-20px||||false|false&#8221; custom_padding_tablet=&#8221;&#8221; custom_padding_phone=&#8221;&#8221; custom_padding_last_edited=&#8221;on|desktop&#8221; animation_style=&#8221;flip&#8221; animation_delay=&#8221;500ms&#8221; animation_intensity_flip=&#8221;200%&#8221; global_colors_info=&#8221;{%22gcid-ad15c189-668d-4fdd-8c2c-27e0abd920d2%22:%91%22text_text_color%22,%22header_3_text_color%22%93}&#8221;]<\/p>\n<h3 style=\"text-align: center;\">\u201c<\/h3>\n<p>[\/et_pb_text][et_pb_text admin_label=&#8221;Citat&#8221; _builder_version=&#8221;4.27.6&#8243; header_3_font=&#8221;||on|||||#EDF000|solid&#8221; header_3_text_align=&#8221;center&#8221; header_3_text_color=&#8221;gcid-f07730a7-78aa-41b7-a593-1fcf9c0692cb&#8221; header_3_font_size=&#8221;1.4rem&#8221; header_3_line_height=&#8221;1.3em&#8221; custom_margin=&#8221;-140px|120px||120px|false|true&#8221; custom_margin_tablet=&#8221;|70px||70px|true|true&#8221; custom_margin_phone=&#8221;|30px||30px|false|true&#8221; custom_margin_last_edited=&#8221;on|phone&#8221; header_3_font_size_tablet=&#8221;1.3rem&#8221; header_3_font_size_phone=&#8221;1.1rem&#8221; header_3_font_size_last_edited=&#8221;on|phone&#8221; global_colors_info=&#8221;{%22gcid-f07730a7-78aa-41b7-a593-1fcf9c0692cb%22:%91%22header_3_text_color%22%93}&#8221;]<\/p>\n<h3>&#8220;N\u00e5r bare projektet er vigtigt nok, s\u00e5 finder man sammen med fonden en l\u00f8sning p\u00e5 selve konstruktionen.&#8221;<\/h3>\n<p>[\/et_pb_text][et_pb_text admin_label=&#8221;Navneskilt&#8221; _builder_version=&#8221;4.27.6&#8243; _module_preset=&#8221;default&#8221; text_font_size=&#8221;13px&#8221; positioning=&#8221;relative&#8221; custom_margin=&#8221;-30px||||false|false&#8221; custom_padding=&#8221;||||false|false&#8221; locked=&#8221;off&#8221; global_colors_info=&#8221;{}&#8221;]<\/p>\n<p style=\"text-align: center;\"><a href=\"https:\/\/www.linkedin.com\/in\/dennishoermann\/\">Dennis H\u00f8rmann<\/a> | Fondsr\u00e5dgiver, Fundraiseren<\/p>\n<p>[\/et_pb_text][\/et_pb_column][\/et_pb_row][et_pb_row admin_label=&#8221;Billede&#8221; _builder_version=&#8221;4.27.6&#8243; _module_preset=&#8221;default&#8221; locked=&#8221;off&#8221; global_colors_info=&#8221;{}&#8221;][et_pb_column type=&#8221;4_4&#8243; _builder_version=&#8221;4.17.1&#8243; _module_preset=&#8221;default&#8221; global_colors_info=&#8221;{}&#8221;][et_pb_image src=&#8221;https:\/\/businessvordingborg.dk\/wp-content\/uploads\/2026\/05\/fundraiseren-nov-2022-46b_1180x664.jpg&#8221; alt=&#8221;Direkt\u00f8r og ejer hos Knudsen Extrusion Peter Rosenkrands &#8221; title_text=&#8221;fundraiseren-nov-2022-46b_1180x664&#8243; show_bottom_space=&#8221;off&#8221; _builder_version=&#8221;4.27.6&#8243; _module_preset=&#8221;default&#8221; global_colors_info=&#8221;{}&#8221;][\/et_pb_image][\/et_pb_column][\/et_pb_row][et_pb_row admin_label=&#8221;6. Tal med fonden om virksomhedskonstruktionen&#8221; _builder_version=&#8221;4.16&#8243; _module_preset=&#8221;default&#8221; global_colors_info=&#8221;{}&#8221;][et_pb_column type=&#8221;4_4&#8243; _builder_version=&#8221;4.16&#8243; _module_preset=&#8221;default&#8221; global_colors_info=&#8221;{}&#8221;][et_pb_text quote_border_weight=&#8221;1px&#8221; quote_border_color=&#8221;gcid-f07730a7-78aa-41b7-a593-1fcf9c0692cb&#8221; _builder_version=&#8221;4.27.6&#8243; _module_preset=&#8221;default&#8221; global_colors_info=&#8221;{%22gcid-f07730a7-78aa-41b7-a593-1fcf9c0692cb%22:%91%22quote_border_color%22%93}&#8221;]<\/p>\n<h2>Tal med fonden om virksomhedskonstruktionen<\/h2>\n<p>Man kan ogs\u00e5 sagtens sparre med fonden omkring virksomhedskonstruktionen, ligesom de andre forhold omkring projektet, man taler med dem om.<\/p>\n<p>\u201cN\u00e5r bare projektet er vigtigt nok, s\u00e5 finder man sammen med fonden en l\u00f8sning p\u00e5 selve konstruktionen,\u201d siger Dennis H\u00f8rmann.<\/p>\n<p>Det er en oplevelse, Line Sidenius Rode kan nikke genkendende til:<\/p>\n<p>&#8220;Virksomhedskonstruktionen er helt central. Jeg ved, at vores kunder &#8211; som er kommunerne og socialr\u00e5dgiverne &#8211; foretr\u00e6kker at visitere deres borgere til fonde og selvejende institutioner frem for ApS&#8217;er, fordi de vil v\u00e6re sikre p\u00e5, at pengene bliver hos borgerne og ikke tr\u00e6kkes ud som profit,\u201d fort\u00e6ller Line Sidenius Rode, som efter dr\u00f8ftelser med Socialtilsynet valgte at stifte en &#8216;fond undtaget fra fondsloven&#8217;.<\/p>\n<p>Det er en konstruktion, der ofte bruges til sociale tilbud, og som koster 10.000 kroner at stifte.<\/p>\n<p>\u201cFor os var det vigtigt at vise Den A.P. M\u00f8llerske Fond, at vi er en selvejende institution, hvor \u00f8konomien bliver inde i virksomheden. Det skaber en enorm trov\u00e6rdighed over for b\u00e5de fonde og myndigheder. Man skal ikke bare v\u00e6lge den nemmeste l\u00f8sning, men den der bedst beskytter projektets form\u00e5l og sikrer den langsigtede tillid fra omverdenen,&#8221; anbefaler Line Sidenius Rode.<\/p>\n<p>[\/et_pb_text][\/et_pb_column][\/et_pb_row][et_pb_row admin_label=&#8221;Foldbar infobox: Om Erhvervsfyrt\u00e5rn Femern&#8221; _builder_version=&#8221;4.27.6&#8243; _module_preset=&#8221;default&#8221; custom_margin=&#8221;25px||25px||true|false&#8221; custom_padding=&#8221;|15px||15px|false|true&#8221; border_radii=&#8221;on|7px|7px|7px|7px&#8221; border_width_all=&#8221;2px&#8221; global_colors_info=&#8221;{}&#8221;][et_pb_column type=&#8221;4_4&#8243; _builder_version=&#8221;4.16&#8243; _module_preset=&#8221;default&#8221; global_colors_info=&#8221;{}&#8221;][et_pb_toggle title=&#8221;Der er i Danmark tre fondskategorier&#8221; closed_toggle_text_color=&#8221;gcid-f07730a7-78aa-41b7-a593-1fcf9c0692cb&#8221; closed_toggle_background_color=&#8221;#FFFFFF&#8221; icon_color=&#8221;gcid-f07730a7-78aa-41b7-a593-1fcf9c0692cb&#8221; toggle_icon=&#8221;&#x3b;||divi||400&#8243; use_icon_font_size=&#8221;on&#8221; icon_font_size=&#8221;25px&#8221; open_icon_color=&#8221;gcid-body-color&#8221; open_toggle_icon=&#8221;&#x3a;||divi||400&#8243; open_use_icon_font_size=&#8221;on&#8221; open_icon_font_size=&#8221;25px&#8221; _builder_version=&#8221;4.27.6&#8243; _module_preset=&#8221;default&#8221; title_level=&#8221;h2&#8243; body_font_size=&#8221;17px&#8221; background_last_edited=&#8221;on|desktop&#8221; custom_css_main_element=&#8221;font-weight: 400;&#8221; border_width_all=&#8221;0px&#8221; global_colors_info=&#8221;{%22gcid-f07730a7-78aa-41b7-a593-1fcf9c0692cb%22:%91%22closed_toggle_text_color%22,%22icon_color%22%93,%22gcid-body-color%22:%91%22open_icon_color%22%93}&#8221; background__hover_enabled=&#8221;on|desktop&#8221;]<\/p>\n<p><strong>Erhvervsfremmemidler: <\/strong>LAG (Lokale Aktionsgrupper), EU-midler via erhvervshusene og Danmarks Erhvervsfremmebestyrelse, forskellige puljer i ministerier og styrelser.<\/p>\n<p><strong>Almennyttige fonde (6.000 stk) og erhvervsdrivende fonde (2.000 stk): <\/strong>De er autonome og bestemmer selv; dog inden for rammen af deres vedt\u00e6gter (fundats).<\/p>\n<p><strong>Legater: <\/strong>St\u00f8tte til privatpersoner, fx syge, studerende eller med et defineret lokalt fokus.<\/p>\n<p><em>Kilde: Fondsr\u00e5dgiver Dennis H\u00f8rmann.<\/em><\/p>\n<p>[\/et_pb_toggle][\/et_pb_column][\/et_pb_row][et_pb_row admin_label=&#8221;7. Fonden stiller arkitekt til r\u00e5dighed&#8221; _builder_version=&#8221;4.16&#8243; _module_preset=&#8221;default&#8221; global_colors_info=&#8221;{}&#8221;][et_pb_column type=&#8221;4_4&#8243; _builder_version=&#8221;4.16&#8243; _module_preset=&#8221;default&#8221; global_colors_info=&#8221;{}&#8221;][et_pb_text quote_border_weight=&#8221;1px&#8221; quote_border_color=&#8221;gcid-f07730a7-78aa-41b7-a593-1fcf9c0692cb&#8221; _builder_version=&#8221;4.27.6&#8243; _module_preset=&#8221;default&#8221; global_colors_info=&#8221;{%22gcid-f07730a7-78aa-41b7-a593-1fcf9c0692cb%22:%91%22quote_border_color%22%93}&#8221;]<\/p>\n<h2>Fonden stiller arkitekt til r\u00e5dighed<\/h2>\n<p>N\u00e5r tilsagnet er givet, starter et t\u00e6t partnerskab med fonden, hvor man i mange tilf\u00e6lde f\u00e5r stillet ekspertise og r\u00e5dgivning til r\u00e5dighed for projektet.<\/p>\n<p>Den A.P. M\u00f8llerske St\u00f8ttefond stiller for eksempel krav om, at Fonden B\u00f8gestr\u00f8mmen bruger professionelle bygherre-r\u00e5dgivere og arkitekter med erfaring p\u00e5 omr\u00e5det, og ydermere deltager deres egen arkitekt og fondsr\u00e5dgiver s\u00e6rligt i de indledende faser af projektet for at sikre kvaliteten.<\/p>\n<p>For Line Sidenius Rode har dialogen ikke v\u00e6ret pr\u00e6get af kontrol, men af en konstruktiv og v\u00e6rdiskabende sparring, som har bidraget til at kvalificere og styrke projektet undervejs.<\/p>\n<p>\u201cDe har en enorm viden fra lignende projekter, som de deler ud af. Vi f\u00e5r lov til at drage nytte af deres erfaringer; b\u00e5de i forhold til udfordringer og vellykkede l\u00f8sninger. Man skal selvf\u00f8lgelig v\u00e6re indstillet p\u00e5 l\u00f8bende afrapportering og dialogm\u00f8der, men i bytte f\u00e5r man adgang til ressourcer og ekspertise, som l\u00f8fter hele projektet til et h\u00f8jere niveau, hvilket jeg er virkelig glad og taknemmelig for,\u201d siger hun.<\/p>\n<p>\u201cOg s\u00e5 er jeg ogs\u00e5 rigtig glad for \u2018den afledte effekt\u2019. Alts\u00e5, at vi er med til at skabe nye arbejdspladser vha. fondsmidlerne. Det er faktisk helt afg\u00f8rende for os at v\u00e6re forankret i lokalsamfundet. Det g\u00e6lder b\u00e5de i driften og i selve opbygningen.\u201d<\/p>\n<p>[\/et_pb_text][\/et_pb_column][\/et_pb_row][et_pb_row admin_label=&#8221;3. Engagementet skal skinne&#8221; _builder_version=&#8221;4.27.6&#8243; _module_preset=&#8221;default&#8221; background_color=&#8221;#f2f2f2&#8243; custom_margin=&#8221;15px||15px||true|false&#8221; custom_padding=&#8221;|15px||15px|false|true&#8221; border_radii=&#8221;on|15px|15px|15px|15px&#8221; locked=&#8221;off&#8221; global_colors_info=&#8221;{}&#8221;][et_pb_column type=&#8221;4_4&#8243; _builder_version=&#8221;4.16&#8243; _module_preset=&#8221;default&#8221; global_colors_info=&#8221;{}&#8221;][et_pb_text quote_border_weight=&#8221;1px&#8221; quote_border_color=&#8221;gcid-f07730a7-78aa-41b7-a593-1fcf9c0692cb&#8221; _builder_version=&#8221;4.27.6&#8243; _module_preset=&#8221;default&#8221; global_colors_info=&#8221;{%22gcid-f07730a7-78aa-41b7-a593-1fcf9c0692cb%22:%91%22quote_border_color%22%93}&#8221;]<\/p>\n<p>L\u00c6S OGS\u00c5: <a href=\"https:\/\/businessvordingborg.dk\/moen-bakkeby-modtager-over-100-uopfordrede-ansoegninger\/\">M\u00f8n Bakkeby modtager over 100 uopfordrede ans\u00f8gninger<\/a><\/p>\n<p>[\/et_pb_text][\/et_pb_column][\/et_pb_row][et_pb_row admin_label=&#8221;8. Vil bruge lokale leverand\u00f8rer&#8221; _builder_version=&#8221;4.16&#8243; _module_preset=&#8221;default&#8221; global_colors_info=&#8221;{}&#8221;][et_pb_column type=&#8221;4_4&#8243; _builder_version=&#8221;4.16&#8243; _module_preset=&#8221;default&#8221; global_colors_info=&#8221;{}&#8221;][et_pb_text quote_border_weight=&#8221;1px&#8221; quote_border_color=&#8221;gcid-f07730a7-78aa-41b7-a593-1fcf9c0692cb&#8221; _builder_version=&#8221;4.27.6&#8243; _module_preset=&#8221;default&#8221; global_colors_info=&#8221;{%22gcid-f07730a7-78aa-41b7-a593-1fcf9c0692cb%22:%91%22quote_border_color%22%93}&#8221;]<\/p>\n<h2>Vil bruge lokale leverand\u00f8rer<\/h2>\n<p>Fonden B\u00f8gestr\u00f8mmen har i det hele taget ikke t\u00e6nkt sig at v\u00e6re en lukket institution men en aktiv del af Langeb\u00e6k og omegn. Ved at lade lokalarkivet blive i bygningen, skaber Line Sidenius Rode med den nye institution liv og relationer mellem beboerne og naboerne.<\/p>\n<p>\u201cDet samme g\u00e6lder vores brug af arbejdskraft. Vi har en unik mulighed for at underst\u00f8tte det lokale erhvervsliv. Vi t\u00e6nker synergier ind overalt &#8211; fra den renovering, vi nu st\u00e5r overfor, til vedligeholdelse af gr\u00f8nne arealer til fremtidige social\u00f8konomiske tiltag.\u201d<\/p>\n<p>\u201cN\u00e5r man involverer de lokale, skaber man en f\u00f8lelse af ejerskab i hele byen. Det betyder, at vores beboere ikke bare flytter ind i en bygning men flytter ind i et f\u00e6llesskab, hvor de bliver set som en ressource frem for en belastning. Det er en del af essensen af et v\u00e6rdigt voksenliv.&#8221;<\/p>\n<p>[\/et_pb_text][\/et_pb_column][\/et_pb_row][\/et_pb_section]<\/p>\n","protected":false},"excerpt":{"rendered":"<p>Fonden B\u00f8gestr\u00f8mmen med direkt\u00f8r Line Sidenius Rode i spidsen har modtaget tilsagn om en donation p\u00e5 24 millioner kroner til etablering af et nyt botilbud i det tidligere r\u00e5dhus i Langeb\u00e6k. If\u00f8lge fondsr\u00e5dgiver Dennis H\u00f8rmann er projektets 20 nye arbejdspladser en \u2018positiv afledt effekt\u2019 af fondsmidlerne, og han g\u00f8r opm\u00e6rksom p\u00e5, at virksomheder sagtens kan [&hellip;]<\/p>\n","protected":false},"author":28,"featured_media":36103,"comment_status":"open","ping_status":"closed","sticky":false,"template":"","format":"standard","meta":{"_et_pb_use_builder":"on","_et_pb_old_content":"","_et_gb_content_width":"","inline_featured_image":false,"iawp_total_views":104,"footnotes":""},"categories":[43],"tags":[],"class_list":["post-36081","post","type-post","status-publish","format-standard","has-post-thumbnail","hentry","category-erhvervsnyheder"],"yoast_head":"<!-- This site is optimized with the Yoast SEO plugin v28.3 - https:\/\/yoast.com\/product\/yoast-seo-wordpress\/ -->\n<title>Fondsmidler skaber 20 nye arbejdspladser i Langeb\u00e6k - Business Vordingborg<\/title>\n<meta name=\"description\" content=\"Fonden B\u00f8gestr\u00f8mmen i Langeb\u00e6k har modtaget 24 millioner kroner i fondsmidler til et nyt botilbud, der samtidig skal skabe 20 nye arbejdspladser.\" \/>\n<meta name=\"robots\" content=\"index, follow, max-snippet:-1, max-image-preview:large, max-video-preview:-1\" \/>\n<link rel=\"canonical\" href=\"https:\/\/businessvordingborg.dk\/en\/fondsmidler-er-med-til-at-skabe-20-nye-arbejdspladser-i-langebaek\/\" \/>\n<meta property=\"og:locale\" content=\"en_US\" \/>\n<meta property=\"og:type\" content=\"article\" \/>\n<meta property=\"og:title\" content=\"Fondsmidler skaber 20 nye arbejdspladser i Langeb\u00e6k - Business Vordingborg\" \/>\n<meta property=\"og:description\" content=\"Fonden B\u00f8gestr\u00f8mmen i Langeb\u00e6k har modtaget 24 millioner kroner i fondsmidler til et nyt botilbud, der samtidig skal skabe 20 nye arbejdspladser.\" \/>\n<meta property=\"og:url\" content=\"https:\/\/businessvordingborg.dk\/en\/fondsmidler-er-med-til-at-skabe-20-nye-arbejdspladser-i-langebaek\/\" \/>\n<meta property=\"og:site_name\" content=\"Business Vordingborg\" \/>\n<meta property=\"article:publisher\" content=\"https:\/\/www.facebook.com\/businessvordingborg\" \/>\n<meta property=\"article:published_time\" content=\"2026-05-19T08:36:49+00:00\" \/>\n<meta property=\"article:modified_time\" content=\"2026-08-28T09:18:10+00:00\" \/>\n<meta property=\"og:image\" content=\"https:\/\/businessvordingborg.dk\/wp-content\/uploads\/2026\/05\/IMG_4362_lysnet_1180x664.jpg\" \/>\n\t<meta property=\"og:image:width\" content=\"1180\" \/>\n\t<meta property=\"og:image:height\" content=\"664\" \/>\n\t<meta property=\"og:image:type\" content=\"image\/jpeg\" \/>\n<meta name=\"author\" content=\"Pia Kain\u00f8 Jensen\" \/>\n<meta name=\"twitter:card\" content=\"summary_large_image\" \/>\n<meta name=\"twitter:label1\" content=\"Written by\" \/>\n\t<meta name=\"twitter:data1\" content=\"Pia Kain\u00f8 Jensen\" \/>\n\t<meta name=\"twitter:label2\" content=\"Est. reading time\" \/>\n\t<meta name=\"twitter:data2\" content=\"11 minutes\" \/>\n<script type=\"application\/ld+json\" class=\"yoast-schema-graph\">{\"@context\":\"https:\\\/\\\/schema.org\",\"@graph\":[{\"@type\":\"Article\",\"@id\":\"https:\\\/\\\/businessvordingborg.dk\\\/en\\\/fondsmidler-er-med-til-at-skabe-20-nye-arbejdspladser-i-langebaek\\\/#article\",\"isPartOf\":{\"@id\":\"https:\\\/\\\/businessvordingborg.dk\\\/en\\\/fondsmidler-er-med-til-at-skabe-20-nye-arbejdspladser-i-langebaek\\\/\"},\"author\":{\"name\":\"Pia Kain\u00f8 Jensen\",\"@id\":\"https:\\\/\\\/businessvordingborg.dk\\\/en\\\/#\\\/schema\\\/person\\\/9c614f96a683312ee1e495c3465adf99\"},\"headline\":\"Fondsmidler er med til at skabe 20 nye arbejdspladser i Langeb\u00e6k\",\"datePublished\":\"2026-05-19T08:36:49+00:00\",\"dateModified\":\"2026-08-28T09:18:10+00:00\",\"mainEntityOfPage\":{\"@id\":\"https:\\\/\\\/businessvordingborg.dk\\\/en\\\/fondsmidler-er-med-til-at-skabe-20-nye-arbejdspladser-i-langebaek\\\/\"},\"wordCount\":4065,\"commentCount\":0,\"publisher\":{\"@id\":\"https:\\\/\\\/businessvordingborg.dk\\\/en\\\/#organization\"},\"image\":{\"@id\":\"https:\\\/\\\/businessvordingborg.dk\\\/en\\\/fondsmidler-er-med-til-at-skabe-20-nye-arbejdspladser-i-langebaek\\\/#primaryimage\"},\"thumbnailUrl\":\"https:\\\/\\\/businessvordingborg.dk\\\/wp-content\\\/uploads\\\/2026\\\/05\\\/IMG_4362_lysnet_1180x664.jpg\",\"articleSection\":[\"Erhvervsnyheder\"],\"inLanguage\":\"en-US\",\"potentialAction\":[{\"@type\":\"CommentAction\",\"name\":\"Comment\",\"target\":[\"https:\\\/\\\/businessvordingborg.dk\\\/en\\\/fondsmidler-er-med-til-at-skabe-20-nye-arbejdspladser-i-langebaek\\\/#respond\"]}]},{\"@type\":\"WebPage\",\"@id\":\"https:\\\/\\\/businessvordingborg.dk\\\/en\\\/fondsmidler-er-med-til-at-skabe-20-nye-arbejdspladser-i-langebaek\\\/\",\"url\":\"https:\\\/\\\/businessvordingborg.dk\\\/en\\\/fondsmidler-er-med-til-at-skabe-20-nye-arbejdspladser-i-langebaek\\\/\",\"name\":\"Fondsmidler skaber 20 nye arbejdspladser i Langeb\u00e6k - Business Vordingborg\",\"isPartOf\":{\"@id\":\"https:\\\/\\\/businessvordingborg.dk\\\/en\\\/#website\"},\"primaryImageOfPage\":{\"@id\":\"https:\\\/\\\/businessvordingborg.dk\\\/en\\\/fondsmidler-er-med-til-at-skabe-20-nye-arbejdspladser-i-langebaek\\\/#primaryimage\"},\"image\":{\"@id\":\"https:\\\/\\\/businessvordingborg.dk\\\/en\\\/fondsmidler-er-med-til-at-skabe-20-nye-arbejdspladser-i-langebaek\\\/#primaryimage\"},\"thumbnailUrl\":\"https:\\\/\\\/businessvordingborg.dk\\\/wp-content\\\/uploads\\\/2026\\\/05\\\/IMG_4362_lysnet_1180x664.jpg\",\"datePublished\":\"2026-05-19T08:36:49+00:00\",\"dateModified\":\"2026-08-28T09:18:10+00:00\",\"description\":\"Fonden B\u00f8gestr\u00f8mmen i Langeb\u00e6k har modtaget 24 millioner kroner i fondsmidler til et nyt botilbud, der samtidig skal skabe 20 nye arbejdspladser.\",\"breadcrumb\":{\"@id\":\"https:\\\/\\\/businessvordingborg.dk\\\/en\\\/fondsmidler-er-med-til-at-skabe-20-nye-arbejdspladser-i-langebaek\\\/#breadcrumb\"},\"inLanguage\":\"en-US\",\"potentialAction\":[{\"@type\":\"ReadAction\",\"target\":[\"https:\\\/\\\/businessvordingborg.dk\\\/en\\\/fondsmidler-er-med-til-at-skabe-20-nye-arbejdspladser-i-langebaek\\\/\"]}]},{\"@type\":\"ImageObject\",\"inLanguage\":\"en-US\",\"@id\":\"https:\\\/\\\/businessvordingborg.dk\\\/en\\\/fondsmidler-er-med-til-at-skabe-20-nye-arbejdspladser-i-langebaek\\\/#primaryimage\",\"url\":\"https:\\\/\\\/businessvordingborg.dk\\\/wp-content\\\/uploads\\\/2026\\\/05\\\/IMG_4362_lysnet_1180x664.jpg\",\"contentUrl\":\"https:\\\/\\\/businessvordingborg.dk\\\/wp-content\\\/uploads\\\/2026\\\/05\\\/IMG_4362_lysnet_1180x664.jpg\",\"width\":1180,\"height\":664},{\"@type\":\"BreadcrumbList\",\"@id\":\"https:\\\/\\\/businessvordingborg.dk\\\/en\\\/fondsmidler-er-med-til-at-skabe-20-nye-arbejdspladser-i-langebaek\\\/#breadcrumb\",\"itemListElement\":[{\"@type\":\"ListItem\",\"position\":1,\"name\":\"Hjem\",\"item\":\"https:\\\/\\\/businessvordingborg.dk\\\/en\\\/\"},{\"@type\":\"ListItem\",\"position\":2,\"name\":\"Fondsmidler er med til at skabe 20 nye arbejdspladser i Langeb\u00e6k\"}]},{\"@type\":\"WebSite\",\"@id\":\"https:\\\/\\\/businessvordingborg.dk\\\/en\\\/#website\",\"url\":\"https:\\\/\\\/businessvordingborg.dk\\\/en\\\/\",\"name\":\"Business Vordingborg\",\"description\":\"Vi tiltr\u00e6kker, udvikler og v\u00e6kster virksomheder i Vordingborg kommune\",\"publisher\":{\"@id\":\"https:\\\/\\\/businessvordingborg.dk\\\/en\\\/#organization\"},\"potentialAction\":[{\"@type\":\"SearchAction\",\"target\":{\"@type\":\"EntryPoint\",\"urlTemplate\":\"https:\\\/\\\/businessvordingborg.dk\\\/en\\\/?s={search_term_string}\"},\"query-input\":{\"@type\":\"PropertyValueSpecification\",\"valueRequired\":true,\"valueName\":\"search_term_string\"}}],\"inLanguage\":\"en-US\"},{\"@type\":\"Organization\",\"@id\":\"https:\\\/\\\/businessvordingborg.dk\\\/en\\\/#organization\",\"name\":\"Business Vordingborg\",\"url\":\"https:\\\/\\\/businessvordingborg.dk\\\/en\\\/\",\"logo\":{\"@type\":\"ImageObject\",\"inLanguage\":\"en-US\",\"@id\":\"https:\\\/\\\/businessvordingborg.dk\\\/en\\\/#\\\/schema\\\/logo\\\/image\\\/\",\"url\":\"https:\\\/\\\/businessvordingborg.dk\\\/wp-content\\\/uploads\\\/2022\\\/04\\\/Website_logo.png\",\"contentUrl\":\"https:\\\/\\\/businessvordingborg.dk\\\/wp-content\\\/uploads\\\/2022\\\/04\\\/Website_logo.png\",\"width\":1180,\"height\":664,\"caption\":\"Business Vordingborg\"},\"image\":{\"@id\":\"https:\\\/\\\/businessvordingborg.dk\\\/en\\\/#\\\/schema\\\/logo\\\/image\\\/\"},\"sameAs\":[\"https:\\\/\\\/www.facebook.com\\\/businessvordingborg\",\"https:\\\/\\\/www.linkedin.com\\\/company\\\/business-vordingborg\"]},{\"@type\":\"Person\",\"@id\":\"https:\\\/\\\/businessvordingborg.dk\\\/en\\\/#\\\/schema\\\/person\\\/9c614f96a683312ee1e495c3465adf99\",\"name\":\"Pia Kain\u00f8 Jensen\",\"image\":{\"@type\":\"ImageObject\",\"inLanguage\":\"en-US\",\"@id\":\"https:\\\/\\\/secure.gravatar.com\\\/avatar\\\/e32f56efbd36699c6c72defa6642c39681ceee2e299b398642a4a742e524e752?s=96&d=mm&r=g\",\"url\":\"https:\\\/\\\/secure.gravatar.com\\\/avatar\\\/e32f56efbd36699c6c72defa6642c39681ceee2e299b398642a4a742e524e752?s=96&d=mm&r=g\",\"contentUrl\":\"https:\\\/\\\/secure.gravatar.com\\\/avatar\\\/e32f56efbd36699c6c72defa6642c39681ceee2e299b398642a4a742e524e752?s=96&d=mm&r=g\",\"caption\":\"Pia Kain\u00f8 Jensen\"},\"url\":\"https:\\\/\\\/businessvordingborg.dk\\\/en\\\/author\\\/piajensen\\\/\"}]}<\/script>\n<!-- \/ Yoast SEO plugin. -->","yoast_head_json":{"title":"Fondsmidler skaber 20 nye arbejdspladser i Langeb\u00e6k - Business Vordingborg","description":"Fonden B\u00f8gestr\u00f8mmen i Langeb\u00e6k har modtaget 24 millioner kroner i fondsmidler til et nyt botilbud, der samtidig skal skabe 20 nye arbejdspladser.","robots":{"index":"index","follow":"follow","max-snippet":"max-snippet:-1","max-image-preview":"max-image-preview:large","max-video-preview":"max-video-preview:-1"},"canonical":"https:\/\/businessvordingborg.dk\/en\/fondsmidler-er-med-til-at-skabe-20-nye-arbejdspladser-i-langebaek\/","og_locale":"en_US","og_type":"article","og_title":"Fondsmidler skaber 20 nye arbejdspladser i Langeb\u00e6k - Business Vordingborg","og_description":"Fonden B\u00f8gestr\u00f8mmen i Langeb\u00e6k har modtaget 24 millioner kroner i fondsmidler til et nyt botilbud, der samtidig skal skabe 20 nye arbejdspladser.","og_url":"https:\/\/businessvordingborg.dk\/en\/fondsmidler-er-med-til-at-skabe-20-nye-arbejdspladser-i-langebaek\/","og_site_name":"Business Vordingborg","article_publisher":"https:\/\/www.facebook.com\/businessvordingborg","article_published_time":"2026-05-19T08:36:49+00:00","article_modified_time":"2026-08-28T09:18:10+00:00","og_image":[{"width":1180,"height":664,"url":"https:\/\/businessvordingborg.dk\/wp-content\/uploads\/2026\/05\/IMG_4362_lysnet_1180x664.jpg","type":"image\/jpeg"}],"author":"Pia Kain\u00f8 Jensen","twitter_card":"summary_large_image","twitter_misc":{"Written by":"Pia Kain\u00f8 Jensen","Est. reading time":"11 minutes"},"schema":{"@context":"https:\/\/schema.org","@graph":[{"@type":"Article","@id":"https:\/\/businessvordingborg.dk\/en\/fondsmidler-er-med-til-at-skabe-20-nye-arbejdspladser-i-langebaek\/#article","isPartOf":{"@id":"https:\/\/businessvordingborg.dk\/en\/fondsmidler-er-med-til-at-skabe-20-nye-arbejdspladser-i-langebaek\/"},"author":{"name":"Pia Kain\u00f8 Jensen","@id":"https:\/\/businessvordingborg.dk\/en\/#\/schema\/person\/9c614f96a683312ee1e495c3465adf99"},"headline":"Fondsmidler er med til at skabe 20 nye arbejdspladser i Langeb\u00e6k","datePublished":"2026-05-19T08:36:49+00:00","dateModified":"2026-08-28T09:18:10+00:00","mainEntityOfPage":{"@id":"https:\/\/businessvordingborg.dk\/en\/fondsmidler-er-med-til-at-skabe-20-nye-arbejdspladser-i-langebaek\/"},"wordCount":4065,"commentCount":0,"publisher":{"@id":"https:\/\/businessvordingborg.dk\/en\/#organization"},"image":{"@id":"https:\/\/businessvordingborg.dk\/en\/fondsmidler-er-med-til-at-skabe-20-nye-arbejdspladser-i-langebaek\/#primaryimage"},"thumbnailUrl":"https:\/\/businessvordingborg.dk\/wp-content\/uploads\/2026\/05\/IMG_4362_lysnet_1180x664.jpg","articleSection":["Erhvervsnyheder"],"inLanguage":"en-US","potentialAction":[{"@type":"CommentAction","name":"Comment","target":["https:\/\/businessvordingborg.dk\/en\/fondsmidler-er-med-til-at-skabe-20-nye-arbejdspladser-i-langebaek\/#respond"]}]},{"@type":"WebPage","@id":"https:\/\/businessvordingborg.dk\/en\/fondsmidler-er-med-til-at-skabe-20-nye-arbejdspladser-i-langebaek\/","url":"https:\/\/businessvordingborg.dk\/en\/fondsmidler-er-med-til-at-skabe-20-nye-arbejdspladser-i-langebaek\/","name":"Fondsmidler skaber 20 nye arbejdspladser i Langeb\u00e6k - Business Vordingborg","isPartOf":{"@id":"https:\/\/businessvordingborg.dk\/en\/#website"},"primaryImageOfPage":{"@id":"https:\/\/businessvordingborg.dk\/en\/fondsmidler-er-med-til-at-skabe-20-nye-arbejdspladser-i-langebaek\/#primaryimage"},"image":{"@id":"https:\/\/businessvordingborg.dk\/en\/fondsmidler-er-med-til-at-skabe-20-nye-arbejdspladser-i-langebaek\/#primaryimage"},"thumbnailUrl":"https:\/\/businessvordingborg.dk\/wp-content\/uploads\/2026\/05\/IMG_4362_lysnet_1180x664.jpg","datePublished":"2026-05-19T08:36:49+00:00","dateModified":"2026-08-28T09:18:10+00:00","description":"Fonden B\u00f8gestr\u00f8mmen i Langeb\u00e6k har modtaget 24 millioner kroner i fondsmidler til et nyt botilbud, der samtidig skal skabe 20 nye arbejdspladser.","breadcrumb":{"@id":"https:\/\/businessvordingborg.dk\/en\/fondsmidler-er-med-til-at-skabe-20-nye-arbejdspladser-i-langebaek\/#breadcrumb"},"inLanguage":"en-US","potentialAction":[{"@type":"ReadAction","target":["https:\/\/businessvordingborg.dk\/en\/fondsmidler-er-med-til-at-skabe-20-nye-arbejdspladser-i-langebaek\/"]}]},{"@type":"ImageObject","inLanguage":"en-US","@id":"https:\/\/businessvordingborg.dk\/en\/fondsmidler-er-med-til-at-skabe-20-nye-arbejdspladser-i-langebaek\/#primaryimage","url":"https:\/\/businessvordingborg.dk\/wp-content\/uploads\/2026\/05\/IMG_4362_lysnet_1180x664.jpg","contentUrl":"https:\/\/businessvordingborg.dk\/wp-content\/uploads\/2026\/05\/IMG_4362_lysnet_1180x664.jpg","width":1180,"height":664},{"@type":"BreadcrumbList","@id":"https:\/\/businessvordingborg.dk\/en\/fondsmidler-er-med-til-at-skabe-20-nye-arbejdspladser-i-langebaek\/#breadcrumb","itemListElement":[{"@type":"ListItem","position":1,"name":"Hjem","item":"https:\/\/businessvordingborg.dk\/en\/"},{"@type":"ListItem","position":2,"name":"Fondsmidler er med til at skabe 20 nye arbejdspladser i Langeb\u00e6k"}]},{"@type":"WebSite","@id":"https:\/\/businessvordingborg.dk\/en\/#website","url":"https:\/\/businessvordingborg.dk\/en\/","name":"Business Vordingborg","description":"Vi tiltr\u00e6kker, udvikler og v\u00e6kster virksomheder i Vordingborg kommune","publisher":{"@id":"https:\/\/businessvordingborg.dk\/en\/#organization"},"potentialAction":[{"@type":"SearchAction","target":{"@type":"EntryPoint","urlTemplate":"https:\/\/businessvordingborg.dk\/en\/?s={search_term_string}"},"query-input":{"@type":"PropertyValueSpecification","valueRequired":true,"valueName":"search_term_string"}}],"inLanguage":"en-US"},{"@type":"Organization","@id":"https:\/\/businessvordingborg.dk\/en\/#organization","name":"Business Vordingborg","url":"https:\/\/businessvordingborg.dk\/en\/","logo":{"@type":"ImageObject","inLanguage":"en-US","@id":"https:\/\/businessvordingborg.dk\/en\/#\/schema\/logo\/image\/","url":"https:\/\/businessvordingborg.dk\/wp-content\/uploads\/2022\/04\/Website_logo.png","contentUrl":"https:\/\/businessvordingborg.dk\/wp-content\/uploads\/2022\/04\/Website_logo.png","width":1180,"height":664,"caption":"Business Vordingborg"},"image":{"@id":"https:\/\/businessvordingborg.dk\/en\/#\/schema\/logo\/image\/"},"sameAs":["https:\/\/www.facebook.com\/businessvordingborg","https:\/\/www.linkedin.com\/company\/business-vordingborg"]},{"@type":"Person","@id":"https:\/\/businessvordingborg.dk\/en\/#\/schema\/person\/9c614f96a683312ee1e495c3465adf99","name":"Pia Kain\u00f8 Jensen","image":{"@type":"ImageObject","inLanguage":"en-US","@id":"https:\/\/secure.gravatar.com\/avatar\/e32f56efbd36699c6c72defa6642c39681ceee2e299b398642a4a742e524e752?s=96&d=mm&r=g","url":"https:\/\/secure.gravatar.com\/avatar\/e32f56efbd36699c6c72defa6642c39681ceee2e299b398642a4a742e524e752?s=96&d=mm&r=g","contentUrl":"https:\/\/secure.gravatar.com\/avatar\/e32f56efbd36699c6c72defa6642c39681ceee2e299b398642a4a742e524e752?s=96&d=mm&r=g","caption":"Pia Kain\u00f8 Jensen"},"url":"https:\/\/businessvordingborg.dk\/en\/author\/piajensen\/"}]}},"_links":{"self":[{"href":"https:\/\/businessvordingborg.dk\/en\/wp-json\/wp\/v2\/posts\/36081","targetHints":{"allow":["GET"]}}],"collection":[{"href":"https:\/\/businessvordingborg.dk\/en\/wp-json\/wp\/v2\/posts"}],"about":[{"href":"https:\/\/businessvordingborg.dk\/en\/wp-json\/wp\/v2\/types\/post"}],"author":[{"embeddable":true,"href":"https:\/\/businessvordingborg.dk\/en\/wp-json\/wp\/v2\/users\/28"}],"replies":[{"embeddable":true,"href":"https:\/\/businessvordingborg.dk\/en\/wp-json\/wp\/v2\/comments?post=36081"}],"version-history":[{"count":12,"href":"https:\/\/businessvordingborg.dk\/en\/wp-json\/wp\/v2\/posts\/36081\/revisions"}],"predecessor-version":[{"id":36374,"href":"https:\/\/businessvordingborg.dk\/en\/wp-json\/wp\/v2\/posts\/36081\/revisions\/36374"}],"wp:featuredmedia":[{"embeddable":true,"href":"https:\/\/businessvordingborg.dk\/en\/wp-json\/wp\/v2\/media\/36103"}],"wp:attachment":[{"href":"https:\/\/businessvordingborg.dk\/en\/wp-json\/wp\/v2\/media?parent=36081"}],"wp:term":[{"taxonomy":"category","embeddable":true,"href":"https:\/\/businessvordingborg.dk\/en\/wp-json\/wp\/v2\/categories?post=36081"},{"taxonomy":"post_tag","embeddable":true,"href":"https:\/\/businessvordingborg.dk\/en\/wp-json\/wp\/v2\/tags?post=36081"}],"curies":[{"name":"wp","href":"https:\/\/api.w.org\/{rel}","templated":true}]}}