{"id":33822,"date":"2025-08-26T10:46:37","date_gmt":"2025-08-26T08:46:37","guid":{"rendered":"https:\/\/businessvordingborg.dk\/?p=33822"},"modified":"2025-10-28T13:36:35","modified_gmt":"2025-10-28T12:36:35","slug":"power-i-provinsen-skattejagt-for-8-klasser-paa-folkemoede-moen","status":"publish","type":"post","link":"https:\/\/businessvordingborg.dk\/en\/power-i-provinsen-skattejagt-for-8-klasser-paa-folkemoede-moen\/","title":{"rendered":"Power i Provinsen &#8211; skattejagt for 8. klasser p\u00e5 Folkem\u00f8de M\u00f8n"},"content":{"rendered":"<p>[et_pb_section fb_built=&#8221;1&#8243; _builder_version=&#8221;4.17.1&#8243; _module_preset=&#8221;default&#8221; global_colors_info=&#8221;{}&#8221;][et_pb_row admin_label=&#8221;Top slider\/video\/billede&#8221; _builder_version=&#8221;4.21.0&#8243; _module_preset=&#8221;default&#8221; global_colors_info=&#8221;{}&#8221;][et_pb_column type=&#8221;4_4&#8243; _builder_version=&#8221;4.16&#8243; _module_preset=&#8221;default&#8221; global_colors_info=&#8221;{}&#8221;][et_pb_slider arrows_custom_color=&#8221;#ffffff&#8221; dot_nav_custom_color=&#8221;#ffffff&#8221; module_class=&#8221;full-image-slider&#8221; _builder_version=&#8221;4.27.4&#8243; _module_preset=&#8221;default&#8221; custom_margin=&#8221;-30px||||false|false&#8221; locked=&#8221;off&#8221; global_colors_info=&#8221;{}&#8221;][et_pb_slide image=&#8221;https:\/\/businessvordingborg.dk\/wp-content\/uploads\/2025\/08\/IMG_3399-1.jpg&#8221; _builder_version=&#8221;4.27.4&#8243; _module_preset=&#8221;default&#8221; locked=&#8221;off&#8221; global_colors_info=&#8221;{}&#8221; sticky_transition=&#8221;on&#8221;][\/et_pb_slide][et_pb_slide image=&#8221;https:\/\/businessvordingborg.dk\/wp-content\/uploads\/2025\/08\/IMG_3412.jpg&#8221; _builder_version=&#8221;4.27.4&#8243; _module_preset=&#8221;default&#8221; locked=&#8221;off&#8221; global_colors_info=&#8221;{}&#8221; sticky_transition=&#8221;on&#8221;][\/et_pb_slide][et_pb_slide image=&#8221;https:\/\/businessvordingborg.dk\/wp-content\/uploads\/2025\/08\/IMG_3408.jpg&#8221; _builder_version=&#8221;4.27.4&#8243; _module_preset=&#8221;default&#8221; locked=&#8221;off&#8221; global_colors_info=&#8221;{}&#8221; sticky_transition=&#8221;on&#8221;][\/et_pb_slide][et_pb_slide image=&#8221;https:\/\/businessvordingborg.dk\/wp-content\/uploads\/2025\/08\/IMG_3411.jpg&#8221; _builder_version=&#8221;4.27.4&#8243; _module_preset=&#8221;default&#8221; locked=&#8221;off&#8221; global_colors_info=&#8221;{}&#8221; sticky_transition=&#8221;on&#8221;][\/et_pb_slide][et_pb_slide image=&#8221;https:\/\/businessvordingborg.dk\/wp-content\/uploads\/2025\/08\/IMG_3470.jpg&#8221; _builder_version=&#8221;4.27.4&#8243; _module_preset=&#8221;default&#8221; locked=&#8221;off&#8221; global_colors_info=&#8221;{}&#8221; sticky_transition=&#8221;on&#8221;][\/et_pb_slide][\/et_pb_slider][\/et_pb_column][\/et_pb_row][et_pb_row admin_label=&#8221;1. Afsnit&#8221; _builder_version=&#8221;4.17.1&#8243; _module_preset=&#8221;default&#8221; global_colors_info=&#8221;{}&#8221;][et_pb_column type=&#8221;4_4&#8243; _builder_version=&#8221;4.17.1&#8243; _module_preset=&#8221;default&#8221; global_colors_info=&#8221;{}&#8221;][et_pb_text quote_border_weight=&#8221;1px&#8221; quote_border_color=&#8221;gcid-f07730a7-78aa-41b7-a593-1fcf9c0692cb&#8221; _builder_version=&#8221;4.27.4&#8243; _module_preset=&#8221;default&#8221; global_colors_info=&#8221;{%22gcid-f07730a7-78aa-41b7-a593-1fcf9c0692cb%22:%91%22quote_border_color%22%93}&#8221;]<\/p>\n<p><strong>En k\u00f8lig vind fejede ind gennem Stege, og dramatiske skyer trak op p\u00e5 himlen fredag formiddag den 22. august 2025, da 100 8. klasseelever deltog i Business Vordingborgs skattejagt p\u00e5 \u00e5rets Folkem\u00f8de M\u00f8n i Stege.<\/strong><\/p>\n<p>Det lykkedes p\u00e5 ingen m\u00e5de det efter\u00e5rslignende vejr at l\u00e6gge en d\u00e6mper p\u00e5 de engagerede elever, og mens politikere og andre voksne debatterede i teltene langs Storegade, handlede det for eleverne fra fire lokale folkeskoler om samarbejde, viden og r\u00e5 muskelkraft i skattejagten Power i Provinsen, hvor de k\u00e6mpede om en pr\u00e6miecheck p\u00e5 5.000 kroner til klassekassen.<\/p>\n<p>Skattejagten var arrangeret af Business Vordingborg med assistance fra gymnasieelever fra Vordingborg Gymnasium, p\u00e5 vegne af initiativgruppen bag Power i Provinsen. Udover Business Vordingborg, er Vordingborg Kommune, Vordingborg Forsyning, Vordingborg Gymnasium og HF, og Zealand Business College repr\u00e6senteret i gruppen.<\/p>\n<p>[\/et_pb_text][\/et_pb_column][\/et_pb_row][et_pb_row disabled_on=&#8221;off|off|off&#8221; admin_label=&#8221;Udvalgt citat (v. 3.2)&#8221; _builder_version=&#8221;4.23.1&#8243; width=&#8221;100%&#8221; custom_padding=&#8221;70px||100px||false|false&#8221; locked=&#8221;off&#8221; global_colors_info=&#8221;{}&#8221;][et_pb_column type=&#8221;4_4&#8243; _builder_version=&#8221;4.16&#8243; global_colors_info=&#8221;{}&#8221;][et_pb_text admin_label=&#8221;Nyt citationstegn&#8221; _builder_version=&#8221;4.23.1&#8243; _module_preset=&#8221;default&#8221; text_font=&#8221;Playfair Display||||||||&#8221; text_text_color=&#8221;gcid-ad15c189-668d-4fdd-8c2c-27e0abd920d2&#8243; text_font_size=&#8221;200px&#8221; header_3_font=&#8221;Playfair Display||||||||&#8221; header_3_text_color=&#8221;gcid-ad15c189-668d-4fdd-8c2c-27e0abd920d2&#8243; header_3_font_size=&#8221;200px&#8221; custom_margin=&#8221;-20px||||false|false&#8221; custom_padding_tablet=&#8221;&#8221; custom_padding_phone=&#8221;&#8221; custom_padding_last_edited=&#8221;on|desktop&#8221; animation_style=&#8221;flip&#8221; animation_delay=&#8221;500ms&#8221; animation_intensity_flip=&#8221;200%&#8221; global_colors_info=&#8221;{%22gcid-ad15c189-668d-4fdd-8c2c-27e0abd920d2%22:%91%22text_text_color%22,%22header_3_text_color%22%93}&#8221;]<\/p>\n<h3 style=\"text-align: center;\">\u201c<\/h3>\n<p>[\/et_pb_text][et_pb_text admin_label=&#8221;Citat&#8221; _builder_version=&#8221;4.27.4&#8243; header_3_font=&#8221;||on|||||#EDF000|solid&#8221; header_3_text_align=&#8221;center&#8221; header_3_text_color=&#8221;gcid-f07730a7-78aa-41b7-a593-1fcf9c0692cb&#8221; header_3_font_size=&#8221;1.4rem&#8221; header_3_line_height=&#8221;1.3em&#8221; custom_margin=&#8221;-140px|120px||120px|false|true&#8221; custom_margin_tablet=&#8221;|70px||70px|true|true&#8221; custom_margin_phone=&#8221;|30px||30px|false|true&#8221; custom_margin_last_edited=&#8221;on|phone&#8221; header_3_font_size_tablet=&#8221;1.3rem&#8221; header_3_font_size_phone=&#8221;1.1rem&#8221; header_3_font_size_last_edited=&#8221;on|phone&#8221; global_colors_info=&#8221;{%22gcid-f07730a7-78aa-41b7-a593-1fcf9c0692cb%22:%91%22header_3_text_color%22%93}&#8221;]<\/p>\n<h3>&#8220;Vi fors\u00f8ger at vise de unge, hvilke sp\u00e6ndende muligheder der findes lige her i vores eget lokalomr\u00e5de.&#8221;<\/h3>\n<p>[\/et_pb_text][et_pb_text admin_label=&#8221;Navneskilt&#8221; _builder_version=&#8221;4.27.4&#8243; _module_preset=&#8221;default&#8221; text_font_size=&#8221;13px&#8221; positioning=&#8221;relative&#8221; custom_margin=&#8221;-30px||||false|false&#8221; custom_padding=&#8221;||||false|false&#8221; locked=&#8221;off&#8221; global_colors_info=&#8221;{}&#8221;]<\/p>\n<p style=\"text-align: center;\"><span class=\"TextRun SCXW137397272 BCX0\" lang=\"DA\" xml:lang=\"DA\" data-contrast=\"auto\"><span class=\"NormalTextRun SCXW137397272 BCX0\">Oskar Svane Olesen <\/span><\/span>| <span class=\"TextRun SCXW137397272 BCX0\" lang=\"DA\" xml:lang=\"DA\" data-contrast=\"auto\"><span class=\"NormalTextRun SCXW137397272 BCX0\">Projektleder<\/span><\/span>, Business Vordingborg<\/p>\n<p>[\/et_pb_text][\/et_pb_column][\/et_pb_row][et_pb_row admin_label=&#8221;Billede&#8221; _builder_version=&#8221;4.17.1&#8243; _module_preset=&#8221;default&#8221; locked=&#8221;off&#8221; global_colors_info=&#8221;{}&#8221;][et_pb_column type=&#8221;4_4&#8243; _builder_version=&#8221;4.17.1&#8243; _module_preset=&#8221;default&#8221; global_colors_info=&#8221;{}&#8221;][et_pb_image src=&#8221;https:\/\/businessvordingborg.dk\/wp-content\/uploads\/2025\/08\/IMG_3447.jpg&#8221; alt=&#8221;Direkt\u00f8r og ejer hos Knudsen Extrusion Peter Rosenkrands &#8221; title_text=&#8221;IMG_3447&#8243; _builder_version=&#8221;4.27.4&#8243; _module_preset=&#8221;default&#8221; global_colors_info=&#8221;{}&#8221;][\/et_pb_image][et_pb_text _builder_version=&#8221;4.27.4&#8243; _module_preset=&#8221;default&#8221; text_font_size=&#8221;13px&#8221; custom_margin=&#8221;-21px||21px||false|false&#8221; locked=&#8221;off&#8221; global_colors_info=&#8221;{}&#8221;]<\/p>\n<p><span data-contrast=\"auto\">Oskar Svane Olesen fra Business Vordingborg er arrang\u00f8r af skattejagten for 8. klasserne p\u00e5 Folkem\u00f8de M\u00f8n fredag den 22. august 2025. Form\u00e5let med skattejagten er at f\u00e5 de unge engageret i at v\u00e6re p\u00e5 folkem\u00f8det med en god oplevelse, og at de samtidig f\u00e5r \u00f8je p\u00e5 de tekniske og fagl\u00e6rte retninger i uddannelsessystemet. <\/span><span data-contrast=\"auto\">Foto: Business Vordingborg.<\/span><\/p>\n<p>[\/et_pb_text][\/et_pb_column][\/et_pb_row][et_pb_row admin_label=&#8221;Projekt Power i Provinsen&#8221; _builder_version=&#8221;4.16&#8243; _module_preset=&#8221;default&#8221; global_colors_info=&#8221;{}&#8221;][et_pb_column type=&#8221;4_4&#8243; _builder_version=&#8221;4.16&#8243; _module_preset=&#8221;default&#8221; global_colors_info=&#8221;{}&#8221;][et_pb_text quote_border_weight=&#8221;1px&#8221; quote_border_color=&#8221;gcid-f07730a7-78aa-41b7-a593-1fcf9c0692cb&#8221; _builder_version=&#8221;4.27.4&#8243; _module_preset=&#8221;default&#8221; global_colors_info=&#8221;{%22gcid-f07730a7-78aa-41b7-a593-1fcf9c0692cb%22:%91%22quote_border_color%22%93}&#8221;]<\/p>\n<h2>Projekt Power i Provinsen<\/h2>\n<p><span data-contrast=\"auto\">Business Vordingborg, Vordingborg Kommune, Vordingborg Forsyning arbejder mod at inspirere unge til at interessere sig for de tekniske fag gennem projektet Power i Provinsen.\u00a0<\/span><span data-ccp-props=\"{}\">\u00a0<\/span><\/p>\n<p><span data-contrast=\"auto\">Visionen er at formidle viden om fremtidens teknologier og uddannelsesmulighederne i de nye gr\u00f8nne industrier for at fremtidssikre det lokale arbejdsmarked.<\/span><span data-ccp-props=\"{}\">\u00a0<\/span><\/p>\n<p><span data-contrast=\"auto\">Power i Provinsen skal udm\u00f8ntes i en skoletjeneste for elever i folkeskolen og studerende p\u00e5 ungdomsuddannelserne og forankres i et formidlings- og erhvervscenter med fokus p\u00e5 fremtidens teknologier inden for gr\u00f8n energi.<\/span><span data-ccp-props=\"{}\">\u00a0<\/span><\/p>\n<p><span data-contrast=\"auto\">Projektet har indtil videre modtaget udviklingsst\u00f8tte fra Udviklingsalliancen Sj\u00e6lland, og skattejagten p\u00e5 Folkem\u00f8de M\u00f8n var f\u00f8rste aktivitet i udviklingsarbejdet. N\u00e6ste arrangement bliver den 19. september 2025, hvor der afholdes Power i Provinsen-messe i hallen p\u00e5 Vordingborg Gymnasium.<\/span><span data-ccp-props=\"{}\">\u00a0<\/span><\/p>\n<p>[\/et_pb_text][\/et_pb_column][\/et_pb_row][et_pb_row admin_label=&#8221;Fremtidens samfund&#8221; _builder_version=&#8221;4.16&#8243; _module_preset=&#8221;default&#8221; global_colors_info=&#8221;{}&#8221;][et_pb_column type=&#8221;4_4&#8243; _builder_version=&#8221;4.16&#8243; _module_preset=&#8221;default&#8221; global_colors_info=&#8221;{}&#8221;][et_pb_text quote_border_weight=&#8221;1px&#8221; quote_border_color=&#8221;gcid-f07730a7-78aa-41b7-a593-1fcf9c0692cb&#8221; _builder_version=&#8221;4.27.4&#8243; _module_preset=&#8221;default&#8221; global_colors_info=&#8221;{%22gcid-f07730a7-78aa-41b7-a593-1fcf9c0692cb%22:%91%22quote_border_color%22%93}&#8221;]<\/p>\n<h2>Fremtidens samfund\u00a0<\/h2>\n<p><span data-contrast=\"auto\">Startskuddet til skattejagten l\u00f8d fredag kl. 9.30 i Rosenhaven, hvor f\u00f8rste post b\u00f8d p\u00e5 fysisk udfoldelse: En wipe-out-bane med en drabelig gladiatorkamp, hvor det gjaldt om at holde balancen og daske modstanderen i \u201cgulvet\u201d med store, bl\u00f8de &#8220;p\u00f8ller&#8221;. Latter og hujen blandede sig med den friske vind, mens eleverne heppede p\u00e5 deres klassekammerater.<\/span><span data-ccp-props=\"{}\">\u00a0<\/span><\/p>\n<p><span data-contrast=\"auto\">Skattejagtens fem poster var designet til at give eleverne et indblik i fremtidens samfund og karrieremuligheder. P\u00e5 en af posterne, som var i teltet hos AffaldPlus, handlede det ikke om skrald, men om h\u00f8jteknologi, da eleverne skulle finde informationer om, hvordan man kan indfange og lagre CO2 for at bek\u00e6mpe klimaforandringer.\u00a0<\/span><span data-ccp-props=\"{}\">\u00a0<\/span><\/p>\n<p><span data-contrast=\"auto\">Ved SOSU-skolens telt fik de et konkret indblik i velf\u00e6rdsteknologi og skulle svare p\u00e5, hvordan robotter og digitale hj\u00e6lpemidler allerede i dag assisterer i plejesektoren.<\/span><span data-ccp-props=\"{}\">\u00a0<\/span><\/p>\n<p>[\/et_pb_text][\/et_pb_column][\/et_pb_row][et_pb_row admin_label=&#8221;Billede&#8221; _builder_version=&#8221;4.17.1&#8243; _module_preset=&#8221;default&#8221; locked=&#8221;off&#8221; global_colors_info=&#8221;{}&#8221;][et_pb_column type=&#8221;4_4&#8243; _builder_version=&#8221;4.17.1&#8243; _module_preset=&#8221;default&#8221; global_colors_info=&#8221;{}&#8221;][et_pb_image src=&#8221;https:\/\/businessvordingborg.dk\/wp-content\/uploads\/2025\/08\/IMG_3401.jpg&#8221; alt=&#8221;Direkt\u00f8r og ejer hos Knudsen Extrusion Peter Rosenkrands &#8221; title_text=&#8221;IMG_3401&#8243; _builder_version=&#8221;4.27.4&#8243; _module_preset=&#8221;default&#8221; global_colors_info=&#8221;{}&#8221;][\/et_pb_image][et_pb_text _builder_version=&#8221;4.27.4&#8243; _module_preset=&#8221;default&#8221; text_font_size=&#8221;13px&#8221; custom_margin=&#8221;-21px||21px||false|false&#8221; locked=&#8221;off&#8221; global_colors_info=&#8221;{}&#8221;]<\/p>\n<p><span data-contrast=\"auto\">SOSU-skolen: Det giver et point til hver elev, der kan fort\u00e6lle, hvordan man bruger teknologi i SOSU-fagene. Samtidig kan man f\u00e5 lov til at bruge mikroskoperne til at kigge p\u00e5 ens egne celler eller andre ting. Mulighed for at opn\u00e5 4 point i alt per klasse.<\/span><span data-ccp-props=\"{}\">\u00a0<\/span><span data-contrast=\"auto\">Foto: Business Vordingborg.<\/span><span data-ccp-props=\"{}\">\u00a0<\/span><\/p>\n<p>[\/et_pb_text][\/et_pb_column][\/et_pb_row][et_pb_row admin_label=&#8221;Give en god oplevelse&#8221; _builder_version=&#8221;4.21.0&#8243; _module_preset=&#8221;default&#8221; custom_padding=&#8221;||||false|false&#8221; global_colors_info=&#8221;{}&#8221;][et_pb_column type=&#8221;4_4&#8243; _builder_version=&#8221;4.16&#8243; _module_preset=&#8221;default&#8221; global_colors_info=&#8221;{}&#8221;][et_pb_text quote_border_weight=&#8221;1px&#8221; quote_border_color=&#8221;gcid-f07730a7-78aa-41b7-a593-1fcf9c0692cb&#8221; _builder_version=&#8221;4.27.4&#8243; _module_preset=&#8221;default&#8221; global_colors_info=&#8221;{%22gcid-f07730a7-78aa-41b7-a593-1fcf9c0692cb%22:%91%22quote_border_color%22%93}&#8221;]<\/p>\n<h2>Give en god oplevelse\u00a0<\/h2>\n<p><span data-contrast=\"auto\">&#8220;Vores m\u00e5l er at f\u00e5 de unge engageret i at v\u00e6re p\u00e5 Folkem\u00f8de M\u00f8n med en god oplevelse, og at de samtidig f\u00e5r \u00f8je p\u00e5 de tekniske og fagl\u00e6rte retninger i uddannelsessystemet. Vi fors\u00f8ger at vise de unge, hvilke sp\u00e6ndende muligheder der findes lige her i vores eget lokalomr\u00e5de,&#8221; fort\u00e6ller Oskar Svane Olesen, som er projektleder hos Business Vordingborg.<\/span><span data-ccp-props=\"{}\">\u00a0<\/span><\/p>\n<p><span data-contrast=\"auto\">Kl. 13.00, efter timers intens konkurrence, blev den vindende klasse k\u00e5ret. Gl\u00e6den var stor, da 8.A fra Svend G\u00f8nge Skolen i Pr\u00e6st\u00f8 modtog checken p\u00e5 5.000 kr. til klassekassen, som et h\u00e5ndgribeligt bevis p\u00e5, at godt sammenhold og nysgerrighed betaler sig. Og at der er masser af power i provinsens unge.<\/span><span data-ccp-props=\"{}\">\u00a0<\/span><\/p>\n<p>[\/et_pb_text][\/et_pb_column][\/et_pb_row][\/et_pb_section]<\/p>\n","protected":false},"excerpt":{"rendered":"<p>En k\u00f8lig vind fejede ind gennem Stege, og dramatiske skyer trak op p\u00e5 himlen fredag formiddag den 22. august 2025, da 100 8. klasseelever deltog i Business Vordingborgs skattejagt p\u00e5 \u00e5rets Folkem\u00f8de M\u00f8n i Stege. Det lykkedes p\u00e5 ingen m\u00e5de det efter\u00e5rslignende vejr at l\u00e6gge en d\u00e6mper p\u00e5 de engagerede elever, og mens politikere og [&hellip;]<\/p>\n","protected":false},"author":28,"featured_media":33839,"comment_status":"closed","ping_status":"closed","sticky":false,"template":"","format":"standard","meta":{"_et_pb_use_builder":"on","_et_pb_old_content":"","_et_gb_content_width":"","inline_featured_image":false,"iawp_total_views":46,"footnotes":""},"categories":[43],"tags":[],"class_list":["post-33822","post","type-post","status-publish","format-standard","has-post-thumbnail","hentry","category-erhvervsnyheder"],"yoast_head":"<!-- This site is optimized with the Yoast SEO plugin v28.3 - https:\/\/yoast.com\/product\/yoast-seo-wordpress\/ -->\n<title>Power i Provinsen - skattejagt for 8. klasser p\u00e5 Folkem\u00f8de M\u00f8n - Business Vordingborg<\/title>\n<meta name=\"description\" content=\"100 8.-klasseelever deltog i Power i Provinsen \u2013 en skattejagt arrangeret af Business Vordingborg p\u00e5 Folkem\u00f8de M\u00f8n 2025 med fokus p\u00e5 samarbejde og viden.\" \/>\n<meta name=\"robots\" content=\"index, follow, max-snippet:-1, max-image-preview:large, max-video-preview:-1\" \/>\n<link rel=\"canonical\" href=\"https:\/\/businessvordingborg.dk\/en\/power-i-provinsen-skattejagt-for-8-klasser-paa-folkemoede-moen\/\" \/>\n<meta property=\"og:locale\" content=\"en_US\" \/>\n<meta property=\"og:type\" content=\"article\" \/>\n<meta property=\"og:title\" content=\"Power i Provinsen - skattejagt for 8. klasser p\u00e5 Folkem\u00f8de M\u00f8n - Business Vordingborg\" \/>\n<meta property=\"og:description\" content=\"100 8.-klasseelever deltog i Power i Provinsen \u2013 en skattejagt arrangeret af Business Vordingborg p\u00e5 Folkem\u00f8de M\u00f8n 2025 med fokus p\u00e5 samarbejde og viden.\" \/>\n<meta property=\"og:url\" content=\"https:\/\/businessvordingborg.dk\/en\/power-i-provinsen-skattejagt-for-8-klasser-paa-folkemoede-moen\/\" \/>\n<meta property=\"og:site_name\" content=\"Business Vordingborg\" \/>\n<meta property=\"article:publisher\" content=\"https:\/\/www.facebook.com\/businessvordingborg\" \/>\n<meta property=\"article:published_time\" content=\"2025-08-26T08:46:37+00:00\" \/>\n<meta property=\"article:modified_time\" content=\"2025-10-28T12:36:35+00:00\" \/>\n<meta property=\"og:image\" content=\"https:\/\/businessvordingborg.dk\/wp-content\/uploads\/2025\/08\/IMG_3399-1.jpg\" \/>\n\t<meta property=\"og:image:width\" content=\"1180\" \/>\n\t<meta property=\"og:image:height\" content=\"664\" \/>\n\t<meta property=\"og:image:type\" content=\"image\/jpeg\" \/>\n<meta name=\"author\" content=\"Pia Kain\u00f8 Jensen\" \/>\n<meta name=\"twitter:card\" content=\"summary_large_image\" \/>\n<meta name=\"twitter:label1\" content=\"Written by\" \/>\n\t<meta name=\"twitter:data1\" content=\"Pia Kain\u00f8 Jensen\" \/>\n\t<meta name=\"twitter:label2\" content=\"Est. reading time\" \/>\n\t<meta name=\"twitter:data2\" content=\"6 minutes\" \/>\n<script type=\"application\/ld+json\" class=\"yoast-schema-graph\">{\"@context\":\"https:\\\/\\\/schema.org\",\"@graph\":[{\"@type\":\"Article\",\"@id\":\"https:\\\/\\\/businessvordingborg.dk\\\/en\\\/power-i-provinsen-skattejagt-for-8-klasser-paa-folkemoede-moen\\\/#article\",\"isPartOf\":{\"@id\":\"https:\\\/\\\/businessvordingborg.dk\\\/en\\\/power-i-provinsen-skattejagt-for-8-klasser-paa-folkemoede-moen\\\/\"},\"author\":{\"name\":\"Pia Kain\u00f8 Jensen\",\"@id\":\"https:\\\/\\\/businessvordingborg.dk\\\/en\\\/#\\\/schema\\\/person\\\/9c614f96a683312ee1e495c3465adf99\"},\"headline\":\"Power i Provinsen &#8211; skattejagt for 8. klasser p\u00e5 Folkem\u00f8de M\u00f8n\",\"datePublished\":\"2025-08-26T08:46:37+00:00\",\"dateModified\":\"2025-10-28T12:36:35+00:00\",\"mainEntityOfPage\":{\"@id\":\"https:\\\/\\\/businessvordingborg.dk\\\/en\\\/power-i-provinsen-skattejagt-for-8-klasser-paa-folkemoede-moen\\\/\"},\"wordCount\":1686,\"publisher\":{\"@id\":\"https:\\\/\\\/businessvordingborg.dk\\\/en\\\/#organization\"},\"image\":{\"@id\":\"https:\\\/\\\/businessvordingborg.dk\\\/en\\\/power-i-provinsen-skattejagt-for-8-klasser-paa-folkemoede-moen\\\/#primaryimage\"},\"thumbnailUrl\":\"https:\\\/\\\/businessvordingborg.dk\\\/wp-content\\\/uploads\\\/2025\\\/08\\\/IMG_3399-1.jpg\",\"articleSection\":[\"Erhvervsnyheder\"],\"inLanguage\":\"en-US\"},{\"@type\":\"WebPage\",\"@id\":\"https:\\\/\\\/businessvordingborg.dk\\\/en\\\/power-i-provinsen-skattejagt-for-8-klasser-paa-folkemoede-moen\\\/\",\"url\":\"https:\\\/\\\/businessvordingborg.dk\\\/en\\\/power-i-provinsen-skattejagt-for-8-klasser-paa-folkemoede-moen\\\/\",\"name\":\"Power i Provinsen - skattejagt for 8. klasser p\u00e5 Folkem\u00f8de M\u00f8n - Business Vordingborg\",\"isPartOf\":{\"@id\":\"https:\\\/\\\/businessvordingborg.dk\\\/en\\\/#website\"},\"primaryImageOfPage\":{\"@id\":\"https:\\\/\\\/businessvordingborg.dk\\\/en\\\/power-i-provinsen-skattejagt-for-8-klasser-paa-folkemoede-moen\\\/#primaryimage\"},\"image\":{\"@id\":\"https:\\\/\\\/businessvordingborg.dk\\\/en\\\/power-i-provinsen-skattejagt-for-8-klasser-paa-folkemoede-moen\\\/#primaryimage\"},\"thumbnailUrl\":\"https:\\\/\\\/businessvordingborg.dk\\\/wp-content\\\/uploads\\\/2025\\\/08\\\/IMG_3399-1.jpg\",\"datePublished\":\"2025-08-26T08:46:37+00:00\",\"dateModified\":\"2025-10-28T12:36:35+00:00\",\"description\":\"100 8.-klasseelever deltog i Power i Provinsen \u2013 en skattejagt arrangeret af Business Vordingborg p\u00e5 Folkem\u00f8de M\u00f8n 2025 med fokus p\u00e5 samarbejde og viden.\",\"breadcrumb\":{\"@id\":\"https:\\\/\\\/businessvordingborg.dk\\\/en\\\/power-i-provinsen-skattejagt-for-8-klasser-paa-folkemoede-moen\\\/#breadcrumb\"},\"inLanguage\":\"en-US\",\"potentialAction\":[{\"@type\":\"ReadAction\",\"target\":[\"https:\\\/\\\/businessvordingborg.dk\\\/en\\\/power-i-provinsen-skattejagt-for-8-klasser-paa-folkemoede-moen\\\/\"]}]},{\"@type\":\"ImageObject\",\"inLanguage\":\"en-US\",\"@id\":\"https:\\\/\\\/businessvordingborg.dk\\\/en\\\/power-i-provinsen-skattejagt-for-8-klasser-paa-folkemoede-moen\\\/#primaryimage\",\"url\":\"https:\\\/\\\/businessvordingborg.dk\\\/wp-content\\\/uploads\\\/2025\\\/08\\\/IMG_3399-1.jpg\",\"contentUrl\":\"https:\\\/\\\/businessvordingborg.dk\\\/wp-content\\\/uploads\\\/2025\\\/08\\\/IMG_3399-1.jpg\",\"width\":1180,\"height\":664},{\"@type\":\"BreadcrumbList\",\"@id\":\"https:\\\/\\\/businessvordingborg.dk\\\/en\\\/power-i-provinsen-skattejagt-for-8-klasser-paa-folkemoede-moen\\\/#breadcrumb\",\"itemListElement\":[{\"@type\":\"ListItem\",\"position\":1,\"name\":\"Hjem\",\"item\":\"https:\\\/\\\/businessvordingborg.dk\\\/en\\\/\"},{\"@type\":\"ListItem\",\"position\":2,\"name\":\"Power i Provinsen &#8211; skattejagt for 8. klasser p\u00e5 Folkem\u00f8de M\u00f8n\"}]},{\"@type\":\"WebSite\",\"@id\":\"https:\\\/\\\/businessvordingborg.dk\\\/en\\\/#website\",\"url\":\"https:\\\/\\\/businessvordingborg.dk\\\/en\\\/\",\"name\":\"Business Vordingborg\",\"description\":\"Vi tiltr\u00e6kker, udvikler og v\u00e6kster virksomheder i Vordingborg kommune\",\"publisher\":{\"@id\":\"https:\\\/\\\/businessvordingborg.dk\\\/en\\\/#organization\"},\"potentialAction\":[{\"@type\":\"SearchAction\",\"target\":{\"@type\":\"EntryPoint\",\"urlTemplate\":\"https:\\\/\\\/businessvordingborg.dk\\\/en\\\/?s={search_term_string}\"},\"query-input\":{\"@type\":\"PropertyValueSpecification\",\"valueRequired\":true,\"valueName\":\"search_term_string\"}}],\"inLanguage\":\"en-US\"},{\"@type\":\"Organization\",\"@id\":\"https:\\\/\\\/businessvordingborg.dk\\\/en\\\/#organization\",\"name\":\"Business Vordingborg\",\"url\":\"https:\\\/\\\/businessvordingborg.dk\\\/en\\\/\",\"logo\":{\"@type\":\"ImageObject\",\"inLanguage\":\"en-US\",\"@id\":\"https:\\\/\\\/businessvordingborg.dk\\\/en\\\/#\\\/schema\\\/logo\\\/image\\\/\",\"url\":\"https:\\\/\\\/businessvordingborg.dk\\\/wp-content\\\/uploads\\\/2022\\\/04\\\/Website_logo.png\",\"contentUrl\":\"https:\\\/\\\/businessvordingborg.dk\\\/wp-content\\\/uploads\\\/2022\\\/04\\\/Website_logo.png\",\"width\":1180,\"height\":664,\"caption\":\"Business Vordingborg\"},\"image\":{\"@id\":\"https:\\\/\\\/businessvordingborg.dk\\\/en\\\/#\\\/schema\\\/logo\\\/image\\\/\"},\"sameAs\":[\"https:\\\/\\\/www.facebook.com\\\/businessvordingborg\",\"https:\\\/\\\/www.linkedin.com\\\/company\\\/business-vordingborg\"]},{\"@type\":\"Person\",\"@id\":\"https:\\\/\\\/businessvordingborg.dk\\\/en\\\/#\\\/schema\\\/person\\\/9c614f96a683312ee1e495c3465adf99\",\"name\":\"Pia Kain\u00f8 Jensen\",\"image\":{\"@type\":\"ImageObject\",\"inLanguage\":\"en-US\",\"@id\":\"https:\\\/\\\/secure.gravatar.com\\\/avatar\\\/e32f56efbd36699c6c72defa6642c39681ceee2e299b398642a4a742e524e752?s=96&d=mm&r=g\",\"url\":\"https:\\\/\\\/secure.gravatar.com\\\/avatar\\\/e32f56efbd36699c6c72defa6642c39681ceee2e299b398642a4a742e524e752?s=96&d=mm&r=g\",\"contentUrl\":\"https:\\\/\\\/secure.gravatar.com\\\/avatar\\\/e32f56efbd36699c6c72defa6642c39681ceee2e299b398642a4a742e524e752?s=96&d=mm&r=g\",\"caption\":\"Pia Kain\u00f8 Jensen\"},\"url\":\"https:\\\/\\\/businessvordingborg.dk\\\/en\\\/author\\\/piajensen\\\/\"}]}<\/script>\n<!-- \/ Yoast SEO plugin. -->","yoast_head_json":{"title":"Power i Provinsen - skattejagt for 8. klasser p\u00e5 Folkem\u00f8de M\u00f8n - Business Vordingborg","description":"100 8.-klasseelever deltog i Power i Provinsen \u2013 en skattejagt arrangeret af Business Vordingborg p\u00e5 Folkem\u00f8de M\u00f8n 2025 med fokus p\u00e5 samarbejde og viden.","robots":{"index":"index","follow":"follow","max-snippet":"max-snippet:-1","max-image-preview":"max-image-preview:large","max-video-preview":"max-video-preview:-1"},"canonical":"https:\/\/businessvordingborg.dk\/en\/power-i-provinsen-skattejagt-for-8-klasser-paa-folkemoede-moen\/","og_locale":"en_US","og_type":"article","og_title":"Power i Provinsen - skattejagt for 8. klasser p\u00e5 Folkem\u00f8de M\u00f8n - Business Vordingborg","og_description":"100 8.-klasseelever deltog i Power i Provinsen \u2013 en skattejagt arrangeret af Business Vordingborg p\u00e5 Folkem\u00f8de M\u00f8n 2025 med fokus p\u00e5 samarbejde og viden.","og_url":"https:\/\/businessvordingborg.dk\/en\/power-i-provinsen-skattejagt-for-8-klasser-paa-folkemoede-moen\/","og_site_name":"Business Vordingborg","article_publisher":"https:\/\/www.facebook.com\/businessvordingborg","article_published_time":"2025-08-26T08:46:37+00:00","article_modified_time":"2025-10-28T12:36:35+00:00","og_image":[{"width":1180,"height":664,"url":"https:\/\/businessvordingborg.dk\/wp-content\/uploads\/2025\/08\/IMG_3399-1.jpg","type":"image\/jpeg"}],"author":"Pia Kain\u00f8 Jensen","twitter_card":"summary_large_image","twitter_misc":{"Written by":"Pia Kain\u00f8 Jensen","Est. reading time":"6 minutes"},"schema":{"@context":"https:\/\/schema.org","@graph":[{"@type":"Article","@id":"https:\/\/businessvordingborg.dk\/en\/power-i-provinsen-skattejagt-for-8-klasser-paa-folkemoede-moen\/#article","isPartOf":{"@id":"https:\/\/businessvordingborg.dk\/en\/power-i-provinsen-skattejagt-for-8-klasser-paa-folkemoede-moen\/"},"author":{"name":"Pia Kain\u00f8 Jensen","@id":"https:\/\/businessvordingborg.dk\/en\/#\/schema\/person\/9c614f96a683312ee1e495c3465adf99"},"headline":"Power i Provinsen &#8211; skattejagt for 8. klasser p\u00e5 Folkem\u00f8de M\u00f8n","datePublished":"2025-08-26T08:46:37+00:00","dateModified":"2025-10-28T12:36:35+00:00","mainEntityOfPage":{"@id":"https:\/\/businessvordingborg.dk\/en\/power-i-provinsen-skattejagt-for-8-klasser-paa-folkemoede-moen\/"},"wordCount":1686,"publisher":{"@id":"https:\/\/businessvordingborg.dk\/en\/#organization"},"image":{"@id":"https:\/\/businessvordingborg.dk\/en\/power-i-provinsen-skattejagt-for-8-klasser-paa-folkemoede-moen\/#primaryimage"},"thumbnailUrl":"https:\/\/businessvordingborg.dk\/wp-content\/uploads\/2025\/08\/IMG_3399-1.jpg","articleSection":["Erhvervsnyheder"],"inLanguage":"en-US"},{"@type":"WebPage","@id":"https:\/\/businessvordingborg.dk\/en\/power-i-provinsen-skattejagt-for-8-klasser-paa-folkemoede-moen\/","url":"https:\/\/businessvordingborg.dk\/en\/power-i-provinsen-skattejagt-for-8-klasser-paa-folkemoede-moen\/","name":"Power i Provinsen - skattejagt for 8. klasser p\u00e5 Folkem\u00f8de M\u00f8n - Business Vordingborg","isPartOf":{"@id":"https:\/\/businessvordingborg.dk\/en\/#website"},"primaryImageOfPage":{"@id":"https:\/\/businessvordingborg.dk\/en\/power-i-provinsen-skattejagt-for-8-klasser-paa-folkemoede-moen\/#primaryimage"},"image":{"@id":"https:\/\/businessvordingborg.dk\/en\/power-i-provinsen-skattejagt-for-8-klasser-paa-folkemoede-moen\/#primaryimage"},"thumbnailUrl":"https:\/\/businessvordingborg.dk\/wp-content\/uploads\/2025\/08\/IMG_3399-1.jpg","datePublished":"2025-08-26T08:46:37+00:00","dateModified":"2025-10-28T12:36:35+00:00","description":"100 8.-klasseelever deltog i Power i Provinsen \u2013 en skattejagt arrangeret af Business Vordingborg p\u00e5 Folkem\u00f8de M\u00f8n 2025 med fokus p\u00e5 samarbejde og viden.","breadcrumb":{"@id":"https:\/\/businessvordingborg.dk\/en\/power-i-provinsen-skattejagt-for-8-klasser-paa-folkemoede-moen\/#breadcrumb"},"inLanguage":"en-US","potentialAction":[{"@type":"ReadAction","target":["https:\/\/businessvordingborg.dk\/en\/power-i-provinsen-skattejagt-for-8-klasser-paa-folkemoede-moen\/"]}]},{"@type":"ImageObject","inLanguage":"en-US","@id":"https:\/\/businessvordingborg.dk\/en\/power-i-provinsen-skattejagt-for-8-klasser-paa-folkemoede-moen\/#primaryimage","url":"https:\/\/businessvordingborg.dk\/wp-content\/uploads\/2025\/08\/IMG_3399-1.jpg","contentUrl":"https:\/\/businessvordingborg.dk\/wp-content\/uploads\/2025\/08\/IMG_3399-1.jpg","width":1180,"height":664},{"@type":"BreadcrumbList","@id":"https:\/\/businessvordingborg.dk\/en\/power-i-provinsen-skattejagt-for-8-klasser-paa-folkemoede-moen\/#breadcrumb","itemListElement":[{"@type":"ListItem","position":1,"name":"Hjem","item":"https:\/\/businessvordingborg.dk\/en\/"},{"@type":"ListItem","position":2,"name":"Power i Provinsen &#8211; skattejagt for 8. klasser p\u00e5 Folkem\u00f8de M\u00f8n"}]},{"@type":"WebSite","@id":"https:\/\/businessvordingborg.dk\/en\/#website","url":"https:\/\/businessvordingborg.dk\/en\/","name":"Business Vordingborg","description":"Vi tiltr\u00e6kker, udvikler og v\u00e6kster virksomheder i Vordingborg kommune","publisher":{"@id":"https:\/\/businessvordingborg.dk\/en\/#organization"},"potentialAction":[{"@type":"SearchAction","target":{"@type":"EntryPoint","urlTemplate":"https:\/\/businessvordingborg.dk\/en\/?s={search_term_string}"},"query-input":{"@type":"PropertyValueSpecification","valueRequired":true,"valueName":"search_term_string"}}],"inLanguage":"en-US"},{"@type":"Organization","@id":"https:\/\/businessvordingborg.dk\/en\/#organization","name":"Business Vordingborg","url":"https:\/\/businessvordingborg.dk\/en\/","logo":{"@type":"ImageObject","inLanguage":"en-US","@id":"https:\/\/businessvordingborg.dk\/en\/#\/schema\/logo\/image\/","url":"https:\/\/businessvordingborg.dk\/wp-content\/uploads\/2022\/04\/Website_logo.png","contentUrl":"https:\/\/businessvordingborg.dk\/wp-content\/uploads\/2022\/04\/Website_logo.png","width":1180,"height":664,"caption":"Business Vordingborg"},"image":{"@id":"https:\/\/businessvordingborg.dk\/en\/#\/schema\/logo\/image\/"},"sameAs":["https:\/\/www.facebook.com\/businessvordingborg","https:\/\/www.linkedin.com\/company\/business-vordingborg"]},{"@type":"Person","@id":"https:\/\/businessvordingborg.dk\/en\/#\/schema\/person\/9c614f96a683312ee1e495c3465adf99","name":"Pia Kain\u00f8 Jensen","image":{"@type":"ImageObject","inLanguage":"en-US","@id":"https:\/\/secure.gravatar.com\/avatar\/e32f56efbd36699c6c72defa6642c39681ceee2e299b398642a4a742e524e752?s=96&d=mm&r=g","url":"https:\/\/secure.gravatar.com\/avatar\/e32f56efbd36699c6c72defa6642c39681ceee2e299b398642a4a742e524e752?s=96&d=mm&r=g","contentUrl":"https:\/\/secure.gravatar.com\/avatar\/e32f56efbd36699c6c72defa6642c39681ceee2e299b398642a4a742e524e752?s=96&d=mm&r=g","caption":"Pia Kain\u00f8 Jensen"},"url":"https:\/\/businessvordingborg.dk\/en\/author\/piajensen\/"}]}},"_links":{"self":[{"href":"https:\/\/businessvordingborg.dk\/en\/wp-json\/wp\/v2\/posts\/33822","targetHints":{"allow":["GET"]}}],"collection":[{"href":"https:\/\/businessvordingborg.dk\/en\/wp-json\/wp\/v2\/posts"}],"about":[{"href":"https:\/\/businessvordingborg.dk\/en\/wp-json\/wp\/v2\/types\/post"}],"author":[{"embeddable":true,"href":"https:\/\/businessvordingborg.dk\/en\/wp-json\/wp\/v2\/users\/28"}],"replies":[{"embeddable":true,"href":"https:\/\/businessvordingborg.dk\/en\/wp-json\/wp\/v2\/comments?post=33822"}],"version-history":[{"count":12,"href":"https:\/\/businessvordingborg.dk\/en\/wp-json\/wp\/v2\/posts\/33822\/revisions"}],"predecessor-version":[{"id":34968,"href":"https:\/\/businessvordingborg.dk\/en\/wp-json\/wp\/v2\/posts\/33822\/revisions\/34968"}],"wp:featuredmedia":[{"embeddable":true,"href":"https:\/\/businessvordingborg.dk\/en\/wp-json\/wp\/v2\/media\/33839"}],"wp:attachment":[{"href":"https:\/\/businessvordingborg.dk\/en\/wp-json\/wp\/v2\/media?parent=33822"}],"wp:term":[{"taxonomy":"category","embeddable":true,"href":"https:\/\/businessvordingborg.dk\/en\/wp-json\/wp\/v2\/categories?post=33822"},{"taxonomy":"post_tag","embeddable":true,"href":"https:\/\/businessvordingborg.dk\/en\/wp-json\/wp\/v2\/tags?post=33822"}],"curies":[{"name":"wp","href":"https:\/\/api.w.org\/{rel}","templated":true}]}}