{"id":33579,"date":"2025-06-06T10:40:09","date_gmt":"2025-06-06T08:40:09","guid":{"rendered":"https:\/\/businessvordingborg.dk\/?p=33579"},"modified":"2025-07-31T10:19:26","modified_gmt":"2025-07-31T08:19:26","slug":"vaekstgalla-fejrede-fremgang-i-vordingborg-kommune","status":"publish","type":"post","link":"https:\/\/businessvordingborg.dk\/en\/vaekstgalla-fejrede-fremgang-i-vordingborg-kommune\/","title":{"rendered":"V\u00e6kstgalla fejrede fremgang i Vordingborg Kommune"},"content":{"rendered":"<p>[et_pb_section fb_built=&#8221;1&#8243; _builder_version=&#8221;4.17.1&#8243; _module_preset=&#8221;default&#8221; global_colors_info=&#8221;{}&#8221;][et_pb_row admin_label=&#8221;Top slider\/video\/billede&#8221; _builder_version=&#8221;4.21.0&#8243; _module_preset=&#8221;default&#8221; global_colors_info=&#8221;{}&#8221;][et_pb_column type=&#8221;4_4&#8243; _builder_version=&#8221;4.16&#8243; _module_preset=&#8221;default&#8221; global_colors_info=&#8221;{}&#8221;][et_pb_slider arrows_custom_color=&#8221;#ffffff&#8221; dot_nav_custom_color=&#8221;#ffffff&#8221; module_class=&#8221;full-image-slider&#8221; _builder_version=&#8221;4.27.4&#8243; _module_preset=&#8221;default&#8221; custom_margin=&#8221;-30px||||false|false&#8221; locked=&#8221;off&#8221; global_colors_info=&#8221;{}&#8221;][et_pb_slide image=&#8221;https:\/\/businessvordingborg.dk\/wp-content\/uploads\/2025\/06\/fotos-vaekstgallaweb-8.jpg&#8221; _builder_version=&#8221;4.27.4&#8243; _module_preset=&#8221;default&#8221; locked=&#8221;off&#8221; global_colors_info=&#8221;{}&#8221; sticky_transition=&#8221;on&#8221;][\/et_pb_slide][et_pb_slide image=&#8221;https:\/\/businessvordingborg.dk\/wp-content\/uploads\/2025\/06\/fotos-vaekstgallaweb-9.jpg&#8221; _builder_version=&#8221;4.27.4&#8243; _module_preset=&#8221;default&#8221; locked=&#8221;off&#8221; global_colors_info=&#8221;{}&#8221; sticky_transition=&#8221;on&#8221;][\/et_pb_slide][et_pb_slide image=&#8221;https:\/\/businessvordingborg.dk\/wp-content\/uploads\/2025\/06\/fotos-vaekstgallaweb-4.jpg&#8221; _builder_version=&#8221;4.27.4&#8243; _module_preset=&#8221;default&#8221; locked=&#8221;off&#8221; global_colors_info=&#8221;{}&#8221; sticky_transition=&#8221;on&#8221;][\/et_pb_slide][et_pb_slide image=&#8221;https:\/\/businessvordingborg.dk\/wp-content\/uploads\/2025\/06\/fotos-vaekstgallaweb-16.jpg&#8221; _builder_version=&#8221;4.27.4&#8243; _module_preset=&#8221;default&#8221; locked=&#8221;off&#8221; global_colors_info=&#8221;{}&#8221; sticky_transition=&#8221;on&#8221;][\/et_pb_slide][et_pb_slide image=&#8221;https:\/\/businessvordingborg.dk\/wp-content\/uploads\/2025\/06\/fotos-vaekstgallaweb-17.jpg&#8221; _builder_version=&#8221;4.27.4&#8243; _module_preset=&#8221;default&#8221; locked=&#8221;off&#8221; global_colors_info=&#8221;{}&#8221; sticky_transition=&#8221;on&#8221;][\/et_pb_slide][\/et_pb_slider][\/et_pb_column][\/et_pb_row][et_pb_row admin_label=&#8221;1. Afsnit&#8221; _builder_version=&#8221;4.17.1&#8243; _module_preset=&#8221;default&#8221; global_colors_info=&#8221;{}&#8221;][et_pb_column type=&#8221;4_4&#8243; _builder_version=&#8221;4.17.1&#8243; _module_preset=&#8221;default&#8221; global_colors_info=&#8221;{}&#8221;][et_pb_text quote_border_weight=&#8221;1px&#8221; quote_border_color=&#8221;gcid-f07730a7-78aa-41b7-a593-1fcf9c0692cb&#8221; _builder_version=&#8221;4.27.4&#8243; _module_preset=&#8221;default&#8221; global_colors_info=&#8221;{%22gcid-f07730a7-78aa-41b7-a593-1fcf9c0692cb%22:%91%22quote_border_color%22%93}&#8221;]<\/p>\n<p>Den sidste mandag i maj samledes 100 politikere og erhvervsinteresserenter til erhvervskonference i Den B\u00f8hmiske Hal i Stege p\u00e5 M\u00f8n. Der var nemlig noget at fejre. Vordingborg Kommune har siden 2022 haft en strategi om at lade den gr\u00f8nne omstilling v\u00e6re v\u00e6kstmotor og blive \u00d8stdanmarks kraftcenter for gr\u00f8n energi. Og den strategi begynder nu at vise resultater, hvilket blev markeret konferencen \u201dV\u00e6kstgalla\u201d.<\/p>\n<p>\u201dDet var p\u00e5 tide at dele ud af alle de succeshistorier, vi oplever omkring erhvervstiltr\u00e6kning og -udvikling i Vordingborg Kommune. Vi kalder det galla, fordi vi har noget at fejre, hvor vi fokuserer p\u00e5 det, vi har skabt og kan skabe sammen,\u201d fort\u00e6ller Business Vordingborg-direkt\u00f8r, Helene Urth, som var medarrang\u00f8r af konferencen. V\u00e6kstgalla blev desuden arrangeret af Vordingborg Forsyning og Vordingborg Havn.<\/p>\n<p>Til V\u00e6kstgalla havde de fremm\u00f8dte mulighed for at opleve CEO i European Energy, Knud Erik Andersen, p\u00e5 scenen, hvor han fortalte om energiudviklerens aktiviteter i Vordingborg Kommune. Her lagde han stor v\u00e6gt p\u00e5 kommunens gr\u00f8nne strategi som baggrund for European Energys aktiviteter i kommunen.<\/p>\n<p>European Energy har k\u00f8bt Snertingegaard nord for Vordingborg, hvor de vil <a href=\"https:\/\/businessvordingborg.dk\/storskala-testcenter-for-agripv-projekt-tager-skridt-mod-realisering\/\">etablere verdens f\u00f8rste storskala Agri-PV-testanl\u00e6g<\/a>. Her skal de teste kombinationen af solceller og landbrugsdrift, hvor man opretholder f\u00f8devareproduktion i b\u00e6lter mellem solceller\u00e6kkerne.<\/p>\n<p>[\/et_pb_text][\/et_pb_column][\/et_pb_row][et_pb_row admin_label=&#8221;Forsyning investerer&#8221; _builder_version=&#8221;4.16&#8243; _module_preset=&#8221;default&#8221; global_colors_info=&#8221;{}&#8221;][et_pb_column type=&#8221;4_4&#8243; _builder_version=&#8221;4.16&#8243; _module_preset=&#8221;default&#8221; global_colors_info=&#8221;{}&#8221;][et_pb_text quote_border_weight=&#8221;1px&#8221; quote_border_color=&#8221;gcid-f07730a7-78aa-41b7-a593-1fcf9c0692cb&#8221; _builder_version=&#8221;4.27.4&#8243; _module_preset=&#8221;default&#8221; global_colors_info=&#8221;{%22gcid-f07730a7-78aa-41b7-a593-1fcf9c0692cb%22:%91%22quote_border_color%22%93}&#8221;]<\/p>\n<h2>Forsyning investerer<\/h2>\n<p>Herefter bidrog Kaspar Mondrup, direkt\u00f8r for Vordingborg Forsyning, med indsigt i forsyningens gr\u00f8nne investeringer de n\u00e6ste mange \u00e5r. Her er Vordingborg Forsyning blandt andet i gang med at udvide fjernvarmenettet, og forsyningen har ogs\u00e5 investeret i en stor elkedel, som kan levere varme til kommunens virksomheder og borgere gennem gr\u00f8n str\u00f8m.<\/p>\n<p>Vordingborg Forsyning var desuden medarrang\u00f8r af V\u00e6kstgalla.<\/p>\n<p>\u201dVordingborg Forsyning og Business Vordingborg har indg\u00e5et en aftale om et t\u00e6t samarbejde, der skal styrke gr\u00f8n v\u00e6kst i Vordingborg kommune. V\u00e6kstgalla-arrangementet er det f\u00f8rste f\u00e6lles produkt af dette samarbejde og har til form\u00e5l at informere politikere, embedsfolk og erhvervsliv om de v\u00e6kstinitiativer, der allerede er gennemf\u00f8rt og dem, som ligger foran os i vores bestr\u00e6belse p\u00e5 at realisere visionen om at skabe \u00d8stdanmarks kraftcenter for gr\u00f8n energi,\u201d siger Kaspar Mondrup.<\/p>\n<p>Det svenske energiselskab Vattenfall var ogs\u00e5 p\u00e5 scenen til konferencen, hvor de sammen med Klintholm Havn-foreningen Vandklubben, fortalte om projektet \u201dFremtidens levedygtige oplevelses- og l\u00e6ringshavn\u201d. Her har Vandklubben sammen med Business Vordingborg og Vordingborg Kommune, med Vattenfall som samarbejdspartner, modtaget over 15 millioner kr. fra Danmarks Erhvervsfremmebestyrelse.<\/p>\n<p>[\/et_pb_text][\/et_pb_column][\/et_pb_row][et_pb_row disabled_on=&#8221;off|off|off&#8221; admin_label=&#8221;Udvalgt citat (v. 3.2)&#8221; _builder_version=&#8221;4.23.1&#8243; width=&#8221;100%&#8221; custom_padding=&#8221;70px||100px||false|false&#8221; locked=&#8221;off&#8221; global_colors_info=&#8221;{}&#8221;][et_pb_column type=&#8221;4_4&#8243; _builder_version=&#8221;4.16&#8243; global_colors_info=&#8221;{}&#8221;][et_pb_text admin_label=&#8221;Nyt citationstegn&#8221; _builder_version=&#8221;4.23.1&#8243; _module_preset=&#8221;default&#8221; text_font=&#8221;Playfair Display||||||||&#8221; text_text_color=&#8221;gcid-ad15c189-668d-4fdd-8c2c-27e0abd920d2&#8243; text_font_size=&#8221;200px&#8221; header_3_font=&#8221;Playfair Display||||||||&#8221; header_3_text_color=&#8221;gcid-ad15c189-668d-4fdd-8c2c-27e0abd920d2&#8243; header_3_font_size=&#8221;200px&#8221; custom_margin=&#8221;-20px||||false|false&#8221; custom_padding_tablet=&#8221;&#8221; custom_padding_phone=&#8221;&#8221; custom_padding_last_edited=&#8221;on|desktop&#8221; animation_style=&#8221;flip&#8221; animation_delay=&#8221;500ms&#8221; animation_intensity_flip=&#8221;200%&#8221; global_colors_info=&#8221;{%22gcid-ad15c189-668d-4fdd-8c2c-27e0abd920d2%22:%91%22text_text_color%22,%22header_3_text_color%22%93}&#8221;]<\/p>\n<h3 style=\"text-align: center;\">\u201c<\/h3>\n<p>[\/et_pb_text][et_pb_text admin_label=&#8221;Citat&#8221; _builder_version=&#8221;4.27.4&#8243; header_3_font=&#8221;||on|||||#EDF000|solid&#8221; header_3_text_align=&#8221;center&#8221; header_3_text_color=&#8221;gcid-f07730a7-78aa-41b7-a593-1fcf9c0692cb&#8221; header_3_font_size=&#8221;1.4rem&#8221; header_3_line_height=&#8221;1.3em&#8221; custom_margin=&#8221;-140px|120px||120px|false|true&#8221; custom_margin_tablet=&#8221;|70px||70px|true|true&#8221; custom_margin_phone=&#8221;|30px||30px|false|true&#8221; custom_margin_last_edited=&#8221;on|phone&#8221; header_3_font_size_tablet=&#8221;1.3rem&#8221; header_3_font_size_phone=&#8221;1.1rem&#8221; header_3_font_size_last_edited=&#8221;on|phone&#8221; global_colors_info=&#8221;{%22gcid-f07730a7-78aa-41b7-a593-1fcf9c0692cb%22:%91%22header_3_text_color%22%93}&#8221;]<\/p>\n<h3>&#8220;Det var fedt at se s\u00e5 mange troppe op en mandag aften for at s\u00e6tte fokus p\u00e5 v\u00e6kst i Vordingborg Kommune. Og det var fedt at opleve engagementet fra politikerne, for der sker mange gode ting, som fortjener at tr\u00e6de ind i rampelyset.&#8221;<\/h3>\n<p>[\/et_pb_text][et_pb_text admin_label=&#8221;Navneskilt&#8221; _builder_version=&#8221;4.27.4&#8243; _module_preset=&#8221;default&#8221; text_font_size=&#8221;13px&#8221; positioning=&#8221;relative&#8221; custom_margin=&#8221;-30px||||false|false&#8221; custom_padding=&#8221;||||false|false&#8221; locked=&#8221;off&#8221; global_colors_info=&#8221;{}&#8221;]<\/p>\n<p style=\"text-align: center;\"><a href=\"https:\/\/www.linkedin.com\/in\/heleneurthexperiencedleader\/\">Helene Urth<\/a> | direkt\u00f8r, Business Vordingborg<\/p>\n<p>[\/et_pb_text][\/et_pb_column][\/et_pb_row][et_pb_row admin_label=&#8221;Billede&#8221; _builder_version=&#8221;4.17.1&#8243; _module_preset=&#8221;default&#8221; locked=&#8221;off&#8221; global_colors_info=&#8221;{}&#8221;][et_pb_column type=&#8221;4_4&#8243; _builder_version=&#8221;4.17.1&#8243; _module_preset=&#8221;default&#8221; global_colors_info=&#8221;{}&#8221;][et_pb_image src=&#8221;https:\/\/businessvordingborg.dk\/wp-content\/uploads\/2025\/06\/fotos-vaekstgallaweb-10.jpg&#8221; alt=&#8221;Direkt\u00f8r og ejer hos Knudsen Extrusion Peter Rosenkrands &#8221; title_text=&#8221;fotos-vaekstgallaweb-10&#8243; _builder_version=&#8221;4.27.4&#8243; _module_preset=&#8221;default&#8221; global_colors_info=&#8221;{}&#8221;][\/et_pb_image][\/et_pb_column][\/et_pb_row][et_pb_row admin_label=&#8221;Gr\u00f8nne aktiver&#8221; _builder_version=&#8221;4.21.0&#8243; _module_preset=&#8221;default&#8221; custom_padding=&#8221;||||false|false&#8221; global_colors_info=&#8221;{}&#8221;][et_pb_column type=&#8221;4_4&#8243; _builder_version=&#8221;4.16&#8243; _module_preset=&#8221;default&#8221; global_colors_info=&#8221;{}&#8221;][et_pb_text quote_border_weight=&#8221;1px&#8221; quote_border_color=&#8221;gcid-f07730a7-78aa-41b7-a593-1fcf9c0692cb&#8221; _builder_version=&#8221;4.27.4&#8243; _module_preset=&#8221;default&#8221; global_colors_info=&#8221;{%22gcid-f07730a7-78aa-41b7-a593-1fcf9c0692cb%22:%91%22quote_border_color%22%93}&#8221;]<\/p>\n<h2>Gr\u00f8nne aktiver<\/h2>\n<p>Efter aftenens interviews havde deltagerne i V\u00e6kstgalla mulighed for at bev\u00e6ge sig rundt i V\u00e6kst-ruten.\u00a0Dette var en samling af stande,\u00a0der repr\u00e6senterede Vordingborg Kommunes seks energiaktiver, som lokale erhvervsliv, lokalpolitikere og udvalgte interesseorganisationer, gjorde de fremm\u00f8dte klogere p\u00e5.<\/p>\n<p>De seks energiaktiver, der er identificeret af Business Vordingborg i kommunen, er to vedvarende energi-klynger, to erhvervsomr\u00e5der samt to erhvervshavne. L\u00e6s mere om energiaktiverne <a href=\"https:\/\/businessvordingborg.dk\/kraftcenter-for-groen-energi\/\">her<\/a>.<\/p>\n<p>Bryghuset M\u00f8n, Pr\u00e6st\u00f8 Bagv\u00e6rk, Victors K\u00f8kken og Fanefjord Frugt stod klar med smagspr\u00f8ver og forfriskninger p\u00e5 vegne af Fanefjord Torv under hele aftenens arrangement. Det tilbud tog st\u00f8rstedelen af deltagerne imod.<\/p>\n<p>\u201dDet var fedt at se s\u00e5 mange troppe op en mandag aften for at s\u00e6tte fokus p\u00e5 v\u00e6kst i Vordingborg Kommune. Og det var fedt at opleve engagementet fra politikerne, for der sker mange gode ting, som fortjener at tr\u00e6de ind i rampelyset,\u201d sagde Helene Urth efter V\u00e6kstgalla.<\/p>\n<p>\u201dJeg er glad for den store tilslutning, der var til arrangementet og modtog mange positive tilkendegivelser blandt de fremm\u00f8dte,\u201d l\u00f8d det fra Kaspar Mondrup.<\/p>\n<p>[\/et_pb_text][\/et_pb_column][\/et_pb_row][\/et_pb_section]<\/p>\n","protected":false},"excerpt":{"rendered":"<p>Den sidste mandag i maj samledes 100 politikere og erhvervsinteresserenter til erhvervskonference i Den B\u00f8hmiske Hal i Stege p\u00e5 M\u00f8n. Der var nemlig noget at fejre. Vordingborg Kommune har siden 2022 haft en strategi om at lade den gr\u00f8nne omstilling v\u00e6re v\u00e6kstmotor og blive \u00d8stdanmarks kraftcenter for gr\u00f8n energi. Og den strategi begynder nu at [&hellip;]<\/p>\n","protected":false},"author":24,"featured_media":33615,"comment_status":"closed","ping_status":"closed","sticky":false,"template":"","format":"standard","meta":{"_et_pb_use_builder":"on","_et_pb_old_content":"","_et_gb_content_width":"","inline_featured_image":false,"iawp_total_views":56,"footnotes":""},"categories":[43],"tags":[],"class_list":["post-33579","post","type-post","status-publish","format-standard","has-post-thumbnail","hentry","category-erhvervsnyheder"],"yoast_head":"<!-- This site is optimized with the Yoast SEO plugin v28.3 - https:\/\/yoast.com\/product\/yoast-seo-wordpress\/ -->\n<title>V\u00e6kstgalla fejrede fremgang i Vordingborg Kommune - Business Vordingborg<\/title>\n<meta name=\"description\" content=\"V\u00e6kstGalla Vordingborg fejrede lokale virksomheders fremgang og samarbejde \u2013 se hvem der blev hyldet og hvorfor det g\u00f8r en forskel.\" \/>\n<meta name=\"robots\" content=\"index, follow, max-snippet:-1, max-image-preview:large, max-video-preview:-1\" \/>\n<link rel=\"canonical\" href=\"https:\/\/businessvordingborg.dk\/en\/vaekstgalla-fejrede-fremgang-i-vordingborg-kommune\/\" \/>\n<meta property=\"og:locale\" content=\"en_US\" \/>\n<meta property=\"og:type\" content=\"article\" \/>\n<meta property=\"og:title\" content=\"V\u00e6kstgalla fejrede fremgang i Vordingborg Kommune - Business Vordingborg\" \/>\n<meta property=\"og:description\" content=\"V\u00e6kstGalla Vordingborg fejrede lokale virksomheders fremgang og samarbejde \u2013 se hvem der blev hyldet og hvorfor det g\u00f8r en forskel.\" \/>\n<meta property=\"og:url\" content=\"https:\/\/businessvordingborg.dk\/en\/vaekstgalla-fejrede-fremgang-i-vordingborg-kommune\/\" \/>\n<meta property=\"og:site_name\" content=\"Business Vordingborg\" \/>\n<meta property=\"article:publisher\" content=\"https:\/\/www.facebook.com\/businessvordingborg\" \/>\n<meta property=\"article:published_time\" content=\"2025-06-06T08:40:09+00:00\" \/>\n<meta property=\"article:modified_time\" content=\"2025-07-31T08:19:26+00:00\" \/>\n<meta property=\"og:image\" content=\"https:\/\/businessvordingborg.dk\/wp-content\/uploads\/2025\/06\/fotos-vaekstgallaweb-8_600x338.jpg\" \/>\n\t<meta property=\"og:image:width\" content=\"600\" \/>\n\t<meta property=\"og:image:height\" content=\"338\" \/>\n\t<meta property=\"og:image:type\" content=\"image\/jpeg\" \/>\n<meta name=\"author\" content=\"Kasper Buur\" \/>\n<meta name=\"twitter:card\" content=\"summary_large_image\" \/>\n<meta name=\"twitter:label1\" content=\"Written by\" \/>\n\t<meta name=\"twitter:data1\" content=\"Kasper Buur\" \/>\n\t<meta name=\"twitter:label2\" content=\"Est. reading time\" \/>\n\t<meta name=\"twitter:data2\" content=\"5 minutes\" \/>\n<script type=\"application\/ld+json\" class=\"yoast-schema-graph\">{\"@context\":\"https:\\\/\\\/schema.org\",\"@graph\":[{\"@type\":\"Article\",\"@id\":\"https:\\\/\\\/businessvordingborg.dk\\\/en\\\/vaekstgalla-fejrede-fremgang-i-vordingborg-kommune\\\/#article\",\"isPartOf\":{\"@id\":\"https:\\\/\\\/businessvordingborg.dk\\\/en\\\/vaekstgalla-fejrede-fremgang-i-vordingborg-kommune\\\/\"},\"author\":{\"name\":\"Kasper Buur\",\"@id\":\"https:\\\/\\\/businessvordingborg.dk\\\/en\\\/#\\\/schema\\\/person\\\/3ff0b57138c67a0eb00369d2e016d3f5\"},\"headline\":\"V\u00e6kstgalla fejrede fremgang i Vordingborg Kommune\",\"datePublished\":\"2025-06-06T08:40:09+00:00\",\"dateModified\":\"2025-07-31T08:19:26+00:00\",\"mainEntityOfPage\":{\"@id\":\"https:\\\/\\\/businessvordingborg.dk\\\/en\\\/vaekstgalla-fejrede-fremgang-i-vordingborg-kommune\\\/\"},\"wordCount\":1472,\"publisher\":{\"@id\":\"https:\\\/\\\/businessvordingborg.dk\\\/en\\\/#organization\"},\"image\":{\"@id\":\"https:\\\/\\\/businessvordingborg.dk\\\/en\\\/vaekstgalla-fejrede-fremgang-i-vordingborg-kommune\\\/#primaryimage\"},\"thumbnailUrl\":\"https:\\\/\\\/businessvordingborg.dk\\\/wp-content\\\/uploads\\\/2025\\\/06\\\/fotos-vaekstgallaweb-8_600x338.jpg\",\"articleSection\":[\"Erhvervsnyheder\"],\"inLanguage\":\"en-US\"},{\"@type\":\"WebPage\",\"@id\":\"https:\\\/\\\/businessvordingborg.dk\\\/en\\\/vaekstgalla-fejrede-fremgang-i-vordingborg-kommune\\\/\",\"url\":\"https:\\\/\\\/businessvordingborg.dk\\\/en\\\/vaekstgalla-fejrede-fremgang-i-vordingborg-kommune\\\/\",\"name\":\"V\u00e6kstgalla fejrede fremgang i Vordingborg Kommune - Business Vordingborg\",\"isPartOf\":{\"@id\":\"https:\\\/\\\/businessvordingborg.dk\\\/en\\\/#website\"},\"primaryImageOfPage\":{\"@id\":\"https:\\\/\\\/businessvordingborg.dk\\\/en\\\/vaekstgalla-fejrede-fremgang-i-vordingborg-kommune\\\/#primaryimage\"},\"image\":{\"@id\":\"https:\\\/\\\/businessvordingborg.dk\\\/en\\\/vaekstgalla-fejrede-fremgang-i-vordingborg-kommune\\\/#primaryimage\"},\"thumbnailUrl\":\"https:\\\/\\\/businessvordingborg.dk\\\/wp-content\\\/uploads\\\/2025\\\/06\\\/fotos-vaekstgallaweb-8_600x338.jpg\",\"datePublished\":\"2025-06-06T08:40:09+00:00\",\"dateModified\":\"2025-07-31T08:19:26+00:00\",\"description\":\"V\u00e6kstGalla Vordingborg fejrede lokale virksomheders fremgang og samarbejde \u2013 se hvem der blev hyldet og hvorfor det g\u00f8r en forskel.\",\"breadcrumb\":{\"@id\":\"https:\\\/\\\/businessvordingborg.dk\\\/en\\\/vaekstgalla-fejrede-fremgang-i-vordingborg-kommune\\\/#breadcrumb\"},\"inLanguage\":\"en-US\",\"potentialAction\":[{\"@type\":\"ReadAction\",\"target\":[\"https:\\\/\\\/businessvordingborg.dk\\\/en\\\/vaekstgalla-fejrede-fremgang-i-vordingborg-kommune\\\/\"]}]},{\"@type\":\"ImageObject\",\"inLanguage\":\"en-US\",\"@id\":\"https:\\\/\\\/businessvordingborg.dk\\\/en\\\/vaekstgalla-fejrede-fremgang-i-vordingborg-kommune\\\/#primaryimage\",\"url\":\"https:\\\/\\\/businessvordingborg.dk\\\/wp-content\\\/uploads\\\/2025\\\/06\\\/fotos-vaekstgallaweb-8_600x338.jpg\",\"contentUrl\":\"https:\\\/\\\/businessvordingborg.dk\\\/wp-content\\\/uploads\\\/2025\\\/06\\\/fotos-vaekstgallaweb-8_600x338.jpg\",\"width\":600,\"height\":338},{\"@type\":\"BreadcrumbList\",\"@id\":\"https:\\\/\\\/businessvordingborg.dk\\\/en\\\/vaekstgalla-fejrede-fremgang-i-vordingborg-kommune\\\/#breadcrumb\",\"itemListElement\":[{\"@type\":\"ListItem\",\"position\":1,\"name\":\"Hjem\",\"item\":\"https:\\\/\\\/businessvordingborg.dk\\\/en\\\/\"},{\"@type\":\"ListItem\",\"position\":2,\"name\":\"V\u00e6kstgalla fejrede fremgang i Vordingborg Kommune\"}]},{\"@type\":\"WebSite\",\"@id\":\"https:\\\/\\\/businessvordingborg.dk\\\/en\\\/#website\",\"url\":\"https:\\\/\\\/businessvordingborg.dk\\\/en\\\/\",\"name\":\"Business Vordingborg\",\"description\":\"Vi tiltr\u00e6kker, udvikler og v\u00e6kster virksomheder i Vordingborg kommune\",\"publisher\":{\"@id\":\"https:\\\/\\\/businessvordingborg.dk\\\/en\\\/#organization\"},\"potentialAction\":[{\"@type\":\"SearchAction\",\"target\":{\"@type\":\"EntryPoint\",\"urlTemplate\":\"https:\\\/\\\/businessvordingborg.dk\\\/en\\\/?s={search_term_string}\"},\"query-input\":{\"@type\":\"PropertyValueSpecification\",\"valueRequired\":true,\"valueName\":\"search_term_string\"}}],\"inLanguage\":\"en-US\"},{\"@type\":\"Organization\",\"@id\":\"https:\\\/\\\/businessvordingborg.dk\\\/en\\\/#organization\",\"name\":\"Business Vordingborg\",\"url\":\"https:\\\/\\\/businessvordingborg.dk\\\/en\\\/\",\"logo\":{\"@type\":\"ImageObject\",\"inLanguage\":\"en-US\",\"@id\":\"https:\\\/\\\/businessvordingborg.dk\\\/en\\\/#\\\/schema\\\/logo\\\/image\\\/\",\"url\":\"https:\\\/\\\/businessvordingborg.dk\\\/wp-content\\\/uploads\\\/2022\\\/04\\\/Website_logo.png\",\"contentUrl\":\"https:\\\/\\\/businessvordingborg.dk\\\/wp-content\\\/uploads\\\/2022\\\/04\\\/Website_logo.png\",\"width\":1180,\"height\":664,\"caption\":\"Business Vordingborg\"},\"image\":{\"@id\":\"https:\\\/\\\/businessvordingborg.dk\\\/en\\\/#\\\/schema\\\/logo\\\/image\\\/\"},\"sameAs\":[\"https:\\\/\\\/www.facebook.com\\\/businessvordingborg\",\"https:\\\/\\\/www.linkedin.com\\\/company\\\/business-vordingborg\"]},{\"@type\":\"Person\",\"@id\":\"https:\\\/\\\/businessvordingborg.dk\\\/en\\\/#\\\/schema\\\/person\\\/3ff0b57138c67a0eb00369d2e016d3f5\",\"name\":\"Kasper Buur\",\"image\":{\"@type\":\"ImageObject\",\"inLanguage\":\"en-US\",\"@id\":\"https:\\\/\\\/secure.gravatar.com\\\/avatar\\\/a984fd4e3fceff3524ddc6f25ea56f3e68785f62c763c6899db2c2d2a6ad9ec2?s=96&d=mm&r=g\",\"url\":\"https:\\\/\\\/secure.gravatar.com\\\/avatar\\\/a984fd4e3fceff3524ddc6f25ea56f3e68785f62c763c6899db2c2d2a6ad9ec2?s=96&d=mm&r=g\",\"contentUrl\":\"https:\\\/\\\/secure.gravatar.com\\\/avatar\\\/a984fd4e3fceff3524ddc6f25ea56f3e68785f62c763c6899db2c2d2a6ad9ec2?s=96&d=mm&r=g\",\"caption\":\"Kasper Buur\"},\"url\":\"https:\\\/\\\/businessvordingborg.dk\\\/en\\\/author\\\/kasper-buur\\\/\"}]}<\/script>\n<!-- \/ Yoast SEO plugin. -->","yoast_head_json":{"title":"V\u00e6kstgalla fejrede fremgang i Vordingborg Kommune - Business Vordingborg","description":"V\u00e6kstGalla Vordingborg fejrede lokale virksomheders fremgang og samarbejde \u2013 se hvem der blev hyldet og hvorfor det g\u00f8r en forskel.","robots":{"index":"index","follow":"follow","max-snippet":"max-snippet:-1","max-image-preview":"max-image-preview:large","max-video-preview":"max-video-preview:-1"},"canonical":"https:\/\/businessvordingborg.dk\/en\/vaekstgalla-fejrede-fremgang-i-vordingborg-kommune\/","og_locale":"en_US","og_type":"article","og_title":"V\u00e6kstgalla fejrede fremgang i Vordingborg Kommune - Business Vordingborg","og_description":"V\u00e6kstGalla Vordingborg fejrede lokale virksomheders fremgang og samarbejde \u2013 se hvem der blev hyldet og hvorfor det g\u00f8r en forskel.","og_url":"https:\/\/businessvordingborg.dk\/en\/vaekstgalla-fejrede-fremgang-i-vordingborg-kommune\/","og_site_name":"Business Vordingborg","article_publisher":"https:\/\/www.facebook.com\/businessvordingborg","article_published_time":"2025-06-06T08:40:09+00:00","article_modified_time":"2025-07-31T08:19:26+00:00","og_image":[{"width":600,"height":338,"url":"https:\/\/businessvordingborg.dk\/wp-content\/uploads\/2025\/06\/fotos-vaekstgallaweb-8_600x338.jpg","type":"image\/jpeg"}],"author":"Kasper Buur","twitter_card":"summary_large_image","twitter_misc":{"Written by":"Kasper Buur","Est. reading time":"5 minutes"},"schema":{"@context":"https:\/\/schema.org","@graph":[{"@type":"Article","@id":"https:\/\/businessvordingborg.dk\/en\/vaekstgalla-fejrede-fremgang-i-vordingborg-kommune\/#article","isPartOf":{"@id":"https:\/\/businessvordingborg.dk\/en\/vaekstgalla-fejrede-fremgang-i-vordingborg-kommune\/"},"author":{"name":"Kasper Buur","@id":"https:\/\/businessvordingborg.dk\/en\/#\/schema\/person\/3ff0b57138c67a0eb00369d2e016d3f5"},"headline":"V\u00e6kstgalla fejrede fremgang i Vordingborg Kommune","datePublished":"2025-06-06T08:40:09+00:00","dateModified":"2025-07-31T08:19:26+00:00","mainEntityOfPage":{"@id":"https:\/\/businessvordingborg.dk\/en\/vaekstgalla-fejrede-fremgang-i-vordingborg-kommune\/"},"wordCount":1472,"publisher":{"@id":"https:\/\/businessvordingborg.dk\/en\/#organization"},"image":{"@id":"https:\/\/businessvordingborg.dk\/en\/vaekstgalla-fejrede-fremgang-i-vordingborg-kommune\/#primaryimage"},"thumbnailUrl":"https:\/\/businessvordingborg.dk\/wp-content\/uploads\/2025\/06\/fotos-vaekstgallaweb-8_600x338.jpg","articleSection":["Erhvervsnyheder"],"inLanguage":"en-US"},{"@type":"WebPage","@id":"https:\/\/businessvordingborg.dk\/en\/vaekstgalla-fejrede-fremgang-i-vordingborg-kommune\/","url":"https:\/\/businessvordingborg.dk\/en\/vaekstgalla-fejrede-fremgang-i-vordingborg-kommune\/","name":"V\u00e6kstgalla fejrede fremgang i Vordingborg Kommune - Business Vordingborg","isPartOf":{"@id":"https:\/\/businessvordingborg.dk\/en\/#website"},"primaryImageOfPage":{"@id":"https:\/\/businessvordingborg.dk\/en\/vaekstgalla-fejrede-fremgang-i-vordingborg-kommune\/#primaryimage"},"image":{"@id":"https:\/\/businessvordingborg.dk\/en\/vaekstgalla-fejrede-fremgang-i-vordingborg-kommune\/#primaryimage"},"thumbnailUrl":"https:\/\/businessvordingborg.dk\/wp-content\/uploads\/2025\/06\/fotos-vaekstgallaweb-8_600x338.jpg","datePublished":"2025-06-06T08:40:09+00:00","dateModified":"2025-07-31T08:19:26+00:00","description":"V\u00e6kstGalla Vordingborg fejrede lokale virksomheders fremgang og samarbejde \u2013 se hvem der blev hyldet og hvorfor det g\u00f8r en forskel.","breadcrumb":{"@id":"https:\/\/businessvordingborg.dk\/en\/vaekstgalla-fejrede-fremgang-i-vordingborg-kommune\/#breadcrumb"},"inLanguage":"en-US","potentialAction":[{"@type":"ReadAction","target":["https:\/\/businessvordingborg.dk\/en\/vaekstgalla-fejrede-fremgang-i-vordingborg-kommune\/"]}]},{"@type":"ImageObject","inLanguage":"en-US","@id":"https:\/\/businessvordingborg.dk\/en\/vaekstgalla-fejrede-fremgang-i-vordingborg-kommune\/#primaryimage","url":"https:\/\/businessvordingborg.dk\/wp-content\/uploads\/2025\/06\/fotos-vaekstgallaweb-8_600x338.jpg","contentUrl":"https:\/\/businessvordingborg.dk\/wp-content\/uploads\/2025\/06\/fotos-vaekstgallaweb-8_600x338.jpg","width":600,"height":338},{"@type":"BreadcrumbList","@id":"https:\/\/businessvordingborg.dk\/en\/vaekstgalla-fejrede-fremgang-i-vordingborg-kommune\/#breadcrumb","itemListElement":[{"@type":"ListItem","position":1,"name":"Hjem","item":"https:\/\/businessvordingborg.dk\/en\/"},{"@type":"ListItem","position":2,"name":"V\u00e6kstgalla fejrede fremgang i Vordingborg Kommune"}]},{"@type":"WebSite","@id":"https:\/\/businessvordingborg.dk\/en\/#website","url":"https:\/\/businessvordingborg.dk\/en\/","name":"Business Vordingborg","description":"Vi tiltr\u00e6kker, udvikler og v\u00e6kster virksomheder i Vordingborg kommune","publisher":{"@id":"https:\/\/businessvordingborg.dk\/en\/#organization"},"potentialAction":[{"@type":"SearchAction","target":{"@type":"EntryPoint","urlTemplate":"https:\/\/businessvordingborg.dk\/en\/?s={search_term_string}"},"query-input":{"@type":"PropertyValueSpecification","valueRequired":true,"valueName":"search_term_string"}}],"inLanguage":"en-US"},{"@type":"Organization","@id":"https:\/\/businessvordingborg.dk\/en\/#organization","name":"Business Vordingborg","url":"https:\/\/businessvordingborg.dk\/en\/","logo":{"@type":"ImageObject","inLanguage":"en-US","@id":"https:\/\/businessvordingborg.dk\/en\/#\/schema\/logo\/image\/","url":"https:\/\/businessvordingborg.dk\/wp-content\/uploads\/2022\/04\/Website_logo.png","contentUrl":"https:\/\/businessvordingborg.dk\/wp-content\/uploads\/2022\/04\/Website_logo.png","width":1180,"height":664,"caption":"Business Vordingborg"},"image":{"@id":"https:\/\/businessvordingborg.dk\/en\/#\/schema\/logo\/image\/"},"sameAs":["https:\/\/www.facebook.com\/businessvordingborg","https:\/\/www.linkedin.com\/company\/business-vordingborg"]},{"@type":"Person","@id":"https:\/\/businessvordingborg.dk\/en\/#\/schema\/person\/3ff0b57138c67a0eb00369d2e016d3f5","name":"Kasper Buur","image":{"@type":"ImageObject","inLanguage":"en-US","@id":"https:\/\/secure.gravatar.com\/avatar\/a984fd4e3fceff3524ddc6f25ea56f3e68785f62c763c6899db2c2d2a6ad9ec2?s=96&d=mm&r=g","url":"https:\/\/secure.gravatar.com\/avatar\/a984fd4e3fceff3524ddc6f25ea56f3e68785f62c763c6899db2c2d2a6ad9ec2?s=96&d=mm&r=g","contentUrl":"https:\/\/secure.gravatar.com\/avatar\/a984fd4e3fceff3524ddc6f25ea56f3e68785f62c763c6899db2c2d2a6ad9ec2?s=96&d=mm&r=g","caption":"Kasper Buur"},"url":"https:\/\/businessvordingborg.dk\/en\/author\/kasper-buur\/"}]}},"_links":{"self":[{"href":"https:\/\/businessvordingborg.dk\/en\/wp-json\/wp\/v2\/posts\/33579","targetHints":{"allow":["GET"]}}],"collection":[{"href":"https:\/\/businessvordingborg.dk\/en\/wp-json\/wp\/v2\/posts"}],"about":[{"href":"https:\/\/businessvordingborg.dk\/en\/wp-json\/wp\/v2\/types\/post"}],"author":[{"embeddable":true,"href":"https:\/\/businessvordingborg.dk\/en\/wp-json\/wp\/v2\/users\/24"}],"replies":[{"embeddable":true,"href":"https:\/\/businessvordingborg.dk\/en\/wp-json\/wp\/v2\/comments?post=33579"}],"version-history":[{"count":0,"href":"https:\/\/businessvordingborg.dk\/en\/wp-json\/wp\/v2\/posts\/33579\/revisions"}],"wp:featuredmedia":[{"embeddable":true,"href":"https:\/\/businessvordingborg.dk\/en\/wp-json\/wp\/v2\/media\/33615"}],"wp:attachment":[{"href":"https:\/\/businessvordingborg.dk\/en\/wp-json\/wp\/v2\/media?parent=33579"}],"wp:term":[{"taxonomy":"category","embeddable":true,"href":"https:\/\/businessvordingborg.dk\/en\/wp-json\/wp\/v2\/categories?post=33579"},{"taxonomy":"post_tag","embeddable":true,"href":"https:\/\/businessvordingborg.dk\/en\/wp-json\/wp\/v2\/tags?post=33579"}],"curies":[{"name":"wp","href":"https:\/\/api.w.org\/{rel}","templated":true}]}}