{"id":33081,"date":"2025-02-05T11:17:41","date_gmt":"2025-02-05T10:17:41","guid":{"rendered":"https:\/\/businessvordingborg.dk\/?p=33081"},"modified":"2025-05-08T10:47:15","modified_gmt":"2025-05-08T08:47:15","slug":"oeku-dagsorden-erhvervsstof-bliver-fast-punkt-i-magtfuldt-udvalg","status":"publish","type":"post","link":"https:\/\/businessvordingborg.dk\/en\/oeku-dagsorden-erhvervsstof-bliver-fast-punkt-i-magtfuldt-udvalg\/","title":{"rendered":"Erhvervsstof bliver fast punkt p\u00e5 \u00d8KU-dagsorden"},"content":{"rendered":"<p>[et_pb_section fb_built=&#8221;1&#8243; _builder_version=&#8221;4.17.1&#8243; _module_preset=&#8221;default&#8221; global_colors_info=&#8221;{}&#8221;][et_pb_row admin_label=&#8221;Top slider\/video\/billede&#8221; _builder_version=&#8221;4.21.0&#8243; _module_preset=&#8221;default&#8221; global_colors_info=&#8221;{}&#8221;][et_pb_column type=&#8221;4_4&#8243; _builder_version=&#8221;4.16&#8243; _module_preset=&#8221;default&#8221; global_colors_info=&#8221;{}&#8221;][et_pb_image src=&#8221;https:\/\/businessvordingborg.dk\/wp-content\/uploads\/2024\/12\/borgmester-artelia-komp-6.jpg&#8221; title_text=&#8221;borgmester-artelia-komp-6&#8243; _builder_version=&#8221;4.27.4&#8243; _module_preset=&#8221;default&#8221; custom_margin=&#8221;-30px||||false|false&#8221; global_colors_info=&#8221;{}&#8221;][\/et_pb_image][\/et_pb_column][\/et_pb_row][et_pb_row admin_label=&#8221;1. Afsnit&#8221; _builder_version=&#8221;4.17.1&#8243; _module_preset=&#8221;default&#8221; global_colors_info=&#8221;{}&#8221;][et_pb_column type=&#8221;4_4&#8243; _builder_version=&#8221;4.17.1&#8243; _module_preset=&#8221;default&#8221; global_colors_info=&#8221;{}&#8221;][et_pb_text quote_border_weight=&#8221;1px&#8221; quote_border_color=&#8221;gcid-f07730a7-78aa-41b7-a593-1fcf9c0692cb&#8221; _builder_version=&#8221;4.27.4&#8243; _module_preset=&#8221;default&#8221; hover_enabled=&#8221;0&#8243; global_colors_info=&#8221;{%22gcid-f07730a7-78aa-41b7-a593-1fcf9c0692cb%22:%91%22quote_border_color%22%93}&#8221; sticky_enabled=&#8221;0&#8243;]<\/p>\n<div>\n<p><a href=\"https:\/\/vordingborg.dk\/Media\/638537948959449086\/%C3%98konomiudvalget%20.pdf\">Vordingborg Kommunes \u00d8konomiudvalg<\/a> s\u00e6tter nu erhvervsstof som et fast punkt p\u00e5 agendaen. Det besluttede et enigt udvalg i januar, og vil derfor fremover have emner om erhvervsudvikling, -pr\u00e6stationer og -venlighed som et fast punkt p\u00e5 \u00d8KU-dagsorden.<\/p>\n<p>Forslaget kommer fra borgmester Mikael Smed, der \u00f8nsker at styrke fokus p\u00e5 den generelle udvikling inden for erhvervsomr\u00e5det.<\/p>\n<p>\u201dDet betyder, at vi t\u00e6ttere kan f\u00f8lge aktuelle sager fra erhvervslivet, eller kommunens afdelinger som vedr\u00f8rer erhverv, og forholde os til hvorledes vi eventuelt kan optimere. Derudover f\u00e5r vi mulighed for at h\u00f8re fra Business Vordingborg og erhvervsforeningen, hvor der er udfordringer eller indsatsbehov. P\u00e5 den m\u00e5de bliver det langt nemmere at f\u00f8lge op p\u00e5 erhvervslivet i Vordingborg Kommune,\u201d siger Mikael Smed.<\/p>\n<p>Udvalget vil desuden blive orienteret om andre relevante emner, s\u00e5som udbud og samarbejde med lokale virksomheder om byggeopgaver. Initiativet skal sikre en mere aktiv og \u00e5ben dialog om erhvervslivet i kommunen. Efter hvert udvalgsm\u00f8de vil det aktuelle emne blive kommunikeret via LinkedIn, Vordingborg Kommunes nyhedsbrev eller andre relevante kanaler.<\/p>\n<p>Der er allerede udarbejdet forslag til emner for 2025. P\u00e5 n\u00e6ste \u00f8konomiudvalgsm\u00f8de skal direkt\u00f8r i Business Vordingborg, Helene Urth, afrapportere og fort\u00e6lle om erhvervsfremmeorganisationens aktiviteter i 2024.<\/p>\n<p>I marts s\u00e6ttes fokus p\u00e5 brugertilfredshed inden for milj\u00f8omr\u00e5det og byggesagsbehandling samt udviklingen i nye virksomheder, konkurser og besk\u00e6ftigelse.<\/p>\n<p>April bringer en analyse af lokale erhvervspr\u00e6stationer fra IRIS Group samt en status p\u00e5 Erhvervsmasterplan 2030. I maj og juni er der orientering fra Business Vordingborg samt en gennemgang af bos\u00e6tningstendenser. Efter sommerferien vil besk\u00e6ftigelse, arbejdsudbud og halv\u00e5rsstatus fra Business Vordingborg v\u00e6re p\u00e5 dagsordenen.<\/p>\n<p>Oktober s\u00e6tter fokus p\u00e5 DI\u2019s vurdering af den lokale erhvervsvenlighed, mens november f\u00f8lger op p\u00e5 Erhvervsmasterplan 2030. \u00c5ret afsluttes i december med en opsamling p\u00e5 \u00e5rets resultater.<\/p>\n<\/div>\n<p>[\/et_pb_text][\/et_pb_column][\/et_pb_row][et_pb_row _builder_version=&#8221;4.27.4&#8243; _module_preset=&#8221;default&#8221; global_colors_info=&#8221;{}&#8221;][et_pb_column type=&#8221;4_4&#8243; _builder_version=&#8221;4.27.4&#8243; _module_preset=&#8221;default&#8221; global_colors_info=&#8221;{}&#8221;][et_pb_code _builder_version=&#8221;4.27.4&#8243; _module_preset=&#8221;default&#8221; global_colors_info=&#8221;{}&#8221;][\/et_pb_code][\/et_pb_column][\/et_pb_row][\/et_pb_section]<\/p>\n","protected":false},"excerpt":{"rendered":"<p>Vordingborg Kommunes \u00d8konomiudvalg s\u00e6tter nu erhvervsstof som et fast punkt p\u00e5 agendaen. Det besluttede et enigt udvalg i januar, og vil derfor fremover have emner om erhvervsudvikling, -pr\u00e6stationer og -venlighed som et fast punkt p\u00e5 \u00d8KU-dagsorden. Forslaget kommer fra borgmester Mikael Smed, der \u00f8nsker at styrke fokus p\u00e5 den generelle udvikling inden for erhvervsomr\u00e5det. \u201dDet [&hellip;]<\/p>\n","protected":false},"author":23,"featured_media":33084,"comment_status":"open","ping_status":"closed","sticky":false,"template":"","format":"standard","meta":{"_et_pb_use_builder":"on","_et_pb_old_content":"","_et_gb_content_width":"","inline_featured_image":false,"iawp_total_views":50,"footnotes":""},"categories":[43],"tags":[],"class_list":["post-33081","post","type-post","status-publish","format-standard","has-post-thumbnail","hentry","category-erhvervsnyheder"],"yoast_head":"<!-- This site is optimized with the Yoast SEO plugin v28.3 - https:\/\/yoast.com\/product\/yoast-seo-wordpress\/ -->\n<title>\u00d8KU-dagsorden: Erhvervsstof bliver fast punkt i magtfuldt udvalg<\/title>\n<meta name=\"description\" content=\"\u00d8konomiudvalget i Vordingborg Kommune har p\u00e5 deres seneste udvalgsm\u00f8de besluttet at erhvervsstof skal v\u00e6re et fast punkt p\u00e5 \u00d8KU-dagsorden.\" \/>\n<meta name=\"robots\" content=\"index, follow, max-snippet:-1, max-image-preview:large, max-video-preview:-1\" \/>\n<link rel=\"canonical\" href=\"https:\/\/businessvordingborg.dk\/en\/oeku-dagsorden-erhvervsstof-bliver-fast-punkt-i-magtfuldt-udvalg\/\" \/>\n<meta property=\"og:locale\" content=\"en_US\" \/>\n<meta property=\"og:type\" content=\"article\" \/>\n<meta property=\"og:title\" content=\"\u00d8KU-dagsorden: Erhvervsstof bliver fast punkt i magtfuldt udvalg\" \/>\n<meta property=\"og:description\" content=\"\u00d8konomiudvalget i Vordingborg Kommune har p\u00e5 deres seneste udvalgsm\u00f8de besluttet at erhvervsstof skal v\u00e6re et fast punkt p\u00e5 \u00d8KU-dagsorden.\" \/>\n<meta property=\"og:url\" content=\"https:\/\/businessvordingborg.dk\/en\/oeku-dagsorden-erhvervsstof-bliver-fast-punkt-i-magtfuldt-udvalg\/\" \/>\n<meta property=\"og:site_name\" content=\"Business Vordingborg\" \/>\n<meta property=\"article:publisher\" content=\"https:\/\/www.facebook.com\/businessvordingborg\" \/>\n<meta property=\"article:published_time\" content=\"2025-02-05T10:17:41+00:00\" \/>\n<meta property=\"article:modified_time\" content=\"2025-05-08T08:47:15+00:00\" \/>\n<meta property=\"og:image\" content=\"https:\/\/businessvordingborg.dk\/wp-content\/uploads\/2025\/02\/borgmester-artelia-komp-6_600x338.jpg\" \/>\n\t<meta property=\"og:image:width\" content=\"600\" \/>\n\t<meta property=\"og:image:height\" content=\"338\" \/>\n\t<meta property=\"og:image:type\" content=\"image\/jpeg\" \/>\n<meta name=\"author\" content=\"Kasper Buur\" \/>\n<meta name=\"twitter:card\" content=\"summary_large_image\" \/>\n<meta name=\"twitter:label1\" content=\"Written by\" \/>\n\t<meta name=\"twitter:data1\" content=\"Kasper Buur\" \/>\n\t<meta name=\"twitter:label2\" content=\"Est. reading time\" \/>\n\t<meta name=\"twitter:data2\" content=\"2 minutes\" \/>\n<script type=\"application\/ld+json\" class=\"yoast-schema-graph\">{\"@context\":\"https:\\\/\\\/schema.org\",\"@graph\":[{\"@type\":\"Article\",\"@id\":\"https:\\\/\\\/businessvordingborg.dk\\\/en\\\/oeku-dagsorden-erhvervsstof-bliver-fast-punkt-i-magtfuldt-udvalg\\\/#article\",\"isPartOf\":{\"@id\":\"https:\\\/\\\/businessvordingborg.dk\\\/en\\\/oeku-dagsorden-erhvervsstof-bliver-fast-punkt-i-magtfuldt-udvalg\\\/\"},\"author\":{\"name\":\"Kasper Buur\",\"@id\":\"https:\\\/\\\/businessvordingborg.dk\\\/en\\\/#\\\/schema\\\/person\\\/e323a8efa16def86001c90dac2e40f0c\"},\"headline\":\"Erhvervsstof bliver fast punkt p\u00e5 \u00d8KU-dagsorden\",\"datePublished\":\"2025-02-05T10:17:41+00:00\",\"dateModified\":\"2025-05-08T08:47:15+00:00\",\"mainEntityOfPage\":{\"@id\":\"https:\\\/\\\/businessvordingborg.dk\\\/en\\\/oeku-dagsorden-erhvervsstof-bliver-fast-punkt-i-magtfuldt-udvalg\\\/\"},\"wordCount\":517,\"commentCount\":0,\"publisher\":{\"@id\":\"https:\\\/\\\/businessvordingborg.dk\\\/en\\\/#organization\"},\"image\":{\"@id\":\"https:\\\/\\\/businessvordingborg.dk\\\/en\\\/oeku-dagsorden-erhvervsstof-bliver-fast-punkt-i-magtfuldt-udvalg\\\/#primaryimage\"},\"thumbnailUrl\":\"https:\\\/\\\/businessvordingborg.dk\\\/wp-content\\\/uploads\\\/2025\\\/02\\\/borgmester-artelia-komp-6_600x338.jpg\",\"articleSection\":[\"Erhvervsnyheder\"],\"inLanguage\":\"en-US\",\"potentialAction\":[{\"@type\":\"CommentAction\",\"name\":\"Comment\",\"target\":[\"https:\\\/\\\/businessvordingborg.dk\\\/en\\\/oeku-dagsorden-erhvervsstof-bliver-fast-punkt-i-magtfuldt-udvalg\\\/#respond\"]}]},{\"@type\":\"WebPage\",\"@id\":\"https:\\\/\\\/businessvordingborg.dk\\\/en\\\/oeku-dagsorden-erhvervsstof-bliver-fast-punkt-i-magtfuldt-udvalg\\\/\",\"url\":\"https:\\\/\\\/businessvordingborg.dk\\\/en\\\/oeku-dagsorden-erhvervsstof-bliver-fast-punkt-i-magtfuldt-udvalg\\\/\",\"name\":\"\u00d8KU-dagsorden: Erhvervsstof bliver fast punkt i magtfuldt udvalg\",\"isPartOf\":{\"@id\":\"https:\\\/\\\/businessvordingborg.dk\\\/en\\\/#website\"},\"primaryImageOfPage\":{\"@id\":\"https:\\\/\\\/businessvordingborg.dk\\\/en\\\/oeku-dagsorden-erhvervsstof-bliver-fast-punkt-i-magtfuldt-udvalg\\\/#primaryimage\"},\"image\":{\"@id\":\"https:\\\/\\\/businessvordingborg.dk\\\/en\\\/oeku-dagsorden-erhvervsstof-bliver-fast-punkt-i-magtfuldt-udvalg\\\/#primaryimage\"},\"thumbnailUrl\":\"https:\\\/\\\/businessvordingborg.dk\\\/wp-content\\\/uploads\\\/2025\\\/02\\\/borgmester-artelia-komp-6_600x338.jpg\",\"datePublished\":\"2025-02-05T10:17:41+00:00\",\"dateModified\":\"2025-05-08T08:47:15+00:00\",\"description\":\"\u00d8konomiudvalget i Vordingborg Kommune har p\u00e5 deres seneste udvalgsm\u00f8de besluttet at erhvervsstof skal v\u00e6re et fast punkt p\u00e5 \u00d8KU-dagsorden.\",\"breadcrumb\":{\"@id\":\"https:\\\/\\\/businessvordingborg.dk\\\/en\\\/oeku-dagsorden-erhvervsstof-bliver-fast-punkt-i-magtfuldt-udvalg\\\/#breadcrumb\"},\"inLanguage\":\"en-US\",\"potentialAction\":[{\"@type\":\"ReadAction\",\"target\":[\"https:\\\/\\\/businessvordingborg.dk\\\/en\\\/oeku-dagsorden-erhvervsstof-bliver-fast-punkt-i-magtfuldt-udvalg\\\/\"]}]},{\"@type\":\"ImageObject\",\"inLanguage\":\"en-US\",\"@id\":\"https:\\\/\\\/businessvordingborg.dk\\\/en\\\/oeku-dagsorden-erhvervsstof-bliver-fast-punkt-i-magtfuldt-udvalg\\\/#primaryimage\",\"url\":\"https:\\\/\\\/businessvordingborg.dk\\\/wp-content\\\/uploads\\\/2025\\\/02\\\/borgmester-artelia-komp-6_600x338.jpg\",\"contentUrl\":\"https:\\\/\\\/businessvordingborg.dk\\\/wp-content\\\/uploads\\\/2025\\\/02\\\/borgmester-artelia-komp-6_600x338.jpg\",\"width\":600,\"height\":338},{\"@type\":\"BreadcrumbList\",\"@id\":\"https:\\\/\\\/businessvordingborg.dk\\\/en\\\/oeku-dagsorden-erhvervsstof-bliver-fast-punkt-i-magtfuldt-udvalg\\\/#breadcrumb\",\"itemListElement\":[{\"@type\":\"ListItem\",\"position\":1,\"name\":\"Hjem\",\"item\":\"https:\\\/\\\/businessvordingborg.dk\\\/en\\\/\"},{\"@type\":\"ListItem\",\"position\":2,\"name\":\"Erhvervsstof bliver fast punkt p\u00e5 \u00d8KU-dagsorden\"}]},{\"@type\":\"WebSite\",\"@id\":\"https:\\\/\\\/businessvordingborg.dk\\\/en\\\/#website\",\"url\":\"https:\\\/\\\/businessvordingborg.dk\\\/en\\\/\",\"name\":\"Business Vordingborg\",\"description\":\"Vi tiltr\u00e6kker, udvikler og v\u00e6kster virksomheder i Vordingborg kommune\",\"publisher\":{\"@id\":\"https:\\\/\\\/businessvordingborg.dk\\\/en\\\/#organization\"},\"potentialAction\":[{\"@type\":\"SearchAction\",\"target\":{\"@type\":\"EntryPoint\",\"urlTemplate\":\"https:\\\/\\\/businessvordingborg.dk\\\/en\\\/?s={search_term_string}\"},\"query-input\":{\"@type\":\"PropertyValueSpecification\",\"valueRequired\":true,\"valueName\":\"search_term_string\"}}],\"inLanguage\":\"en-US\"},{\"@type\":\"Organization\",\"@id\":\"https:\\\/\\\/businessvordingborg.dk\\\/en\\\/#organization\",\"name\":\"Business Vordingborg\",\"url\":\"https:\\\/\\\/businessvordingborg.dk\\\/en\\\/\",\"logo\":{\"@type\":\"ImageObject\",\"inLanguage\":\"en-US\",\"@id\":\"https:\\\/\\\/businessvordingborg.dk\\\/en\\\/#\\\/schema\\\/logo\\\/image\\\/\",\"url\":\"https:\\\/\\\/businessvordingborg.dk\\\/wp-content\\\/uploads\\\/2022\\\/04\\\/Website_logo.png\",\"contentUrl\":\"https:\\\/\\\/businessvordingborg.dk\\\/wp-content\\\/uploads\\\/2022\\\/04\\\/Website_logo.png\",\"width\":1180,\"height\":664,\"caption\":\"Business Vordingborg\"},\"image\":{\"@id\":\"https:\\\/\\\/businessvordingborg.dk\\\/en\\\/#\\\/schema\\\/logo\\\/image\\\/\"},\"sameAs\":[\"https:\\\/\\\/www.facebook.com\\\/businessvordingborg\",\"https:\\\/\\\/www.linkedin.com\\\/company\\\/business-vordingborg\"]},{\"@type\":\"Person\",\"@id\":\"https:\\\/\\\/businessvordingborg.dk\\\/en\\\/#\\\/schema\\\/person\\\/e323a8efa16def86001c90dac2e40f0c\",\"name\":\"Kasper Buur\",\"image\":{\"@type\":\"ImageObject\",\"inLanguage\":\"en-US\",\"@id\":\"https:\\\/\\\/secure.gravatar.com\\\/avatar\\\/06a465b7f4abc8438e7e1f0242e53f5c66e0da3c9b363a140d50b2a830cc3470?s=96&d=mm&r=g\",\"url\":\"https:\\\/\\\/secure.gravatar.com\\\/avatar\\\/06a465b7f4abc8438e7e1f0242e53f5c66e0da3c9b363a140d50b2a830cc3470?s=96&d=mm&r=g\",\"contentUrl\":\"https:\\\/\\\/secure.gravatar.com\\\/avatar\\\/06a465b7f4abc8438e7e1f0242e53f5c66e0da3c9b363a140d50b2a830cc3470?s=96&d=mm&r=g\",\"caption\":\"Kasper Buur\"},\"url\":\"https:\\\/\\\/businessvordingborg.dk\\\/en\\\/author\\\/kbvordingborgerhverv-dk\\\/\"}]}<\/script>\n<!-- \/ Yoast SEO plugin. -->","yoast_head_json":{"title":"\u00d8KU-dagsorden: Erhvervsstof bliver fast punkt i magtfuldt udvalg","description":"\u00d8konomiudvalget i Vordingborg Kommune har p\u00e5 deres seneste udvalgsm\u00f8de besluttet at erhvervsstof skal v\u00e6re et fast punkt p\u00e5 \u00d8KU-dagsorden.","robots":{"index":"index","follow":"follow","max-snippet":"max-snippet:-1","max-image-preview":"max-image-preview:large","max-video-preview":"max-video-preview:-1"},"canonical":"https:\/\/businessvordingborg.dk\/en\/oeku-dagsorden-erhvervsstof-bliver-fast-punkt-i-magtfuldt-udvalg\/","og_locale":"en_US","og_type":"article","og_title":"\u00d8KU-dagsorden: Erhvervsstof bliver fast punkt i magtfuldt udvalg","og_description":"\u00d8konomiudvalget i Vordingborg Kommune har p\u00e5 deres seneste udvalgsm\u00f8de besluttet at erhvervsstof skal v\u00e6re et fast punkt p\u00e5 \u00d8KU-dagsorden.","og_url":"https:\/\/businessvordingborg.dk\/en\/oeku-dagsorden-erhvervsstof-bliver-fast-punkt-i-magtfuldt-udvalg\/","og_site_name":"Business Vordingborg","article_publisher":"https:\/\/www.facebook.com\/businessvordingborg","article_published_time":"2025-02-05T10:17:41+00:00","article_modified_time":"2025-05-08T08:47:15+00:00","og_image":[{"width":600,"height":338,"url":"https:\/\/businessvordingborg.dk\/wp-content\/uploads\/2025\/02\/borgmester-artelia-komp-6_600x338.jpg","type":"image\/jpeg"}],"author":"Kasper Buur","twitter_card":"summary_large_image","twitter_misc":{"Written by":"Kasper Buur","Est. reading time":"2 minutes"},"schema":{"@context":"https:\/\/schema.org","@graph":[{"@type":"Article","@id":"https:\/\/businessvordingborg.dk\/en\/oeku-dagsorden-erhvervsstof-bliver-fast-punkt-i-magtfuldt-udvalg\/#article","isPartOf":{"@id":"https:\/\/businessvordingborg.dk\/en\/oeku-dagsorden-erhvervsstof-bliver-fast-punkt-i-magtfuldt-udvalg\/"},"author":{"name":"Kasper Buur","@id":"https:\/\/businessvordingborg.dk\/en\/#\/schema\/person\/e323a8efa16def86001c90dac2e40f0c"},"headline":"Erhvervsstof bliver fast punkt p\u00e5 \u00d8KU-dagsorden","datePublished":"2025-02-05T10:17:41+00:00","dateModified":"2025-05-08T08:47:15+00:00","mainEntityOfPage":{"@id":"https:\/\/businessvordingborg.dk\/en\/oeku-dagsorden-erhvervsstof-bliver-fast-punkt-i-magtfuldt-udvalg\/"},"wordCount":517,"commentCount":0,"publisher":{"@id":"https:\/\/businessvordingborg.dk\/en\/#organization"},"image":{"@id":"https:\/\/businessvordingborg.dk\/en\/oeku-dagsorden-erhvervsstof-bliver-fast-punkt-i-magtfuldt-udvalg\/#primaryimage"},"thumbnailUrl":"https:\/\/businessvordingborg.dk\/wp-content\/uploads\/2025\/02\/borgmester-artelia-komp-6_600x338.jpg","articleSection":["Erhvervsnyheder"],"inLanguage":"en-US","potentialAction":[{"@type":"CommentAction","name":"Comment","target":["https:\/\/businessvordingborg.dk\/en\/oeku-dagsorden-erhvervsstof-bliver-fast-punkt-i-magtfuldt-udvalg\/#respond"]}]},{"@type":"WebPage","@id":"https:\/\/businessvordingborg.dk\/en\/oeku-dagsorden-erhvervsstof-bliver-fast-punkt-i-magtfuldt-udvalg\/","url":"https:\/\/businessvordingborg.dk\/en\/oeku-dagsorden-erhvervsstof-bliver-fast-punkt-i-magtfuldt-udvalg\/","name":"\u00d8KU-dagsorden: Erhvervsstof bliver fast punkt i magtfuldt udvalg","isPartOf":{"@id":"https:\/\/businessvordingborg.dk\/en\/#website"},"primaryImageOfPage":{"@id":"https:\/\/businessvordingborg.dk\/en\/oeku-dagsorden-erhvervsstof-bliver-fast-punkt-i-magtfuldt-udvalg\/#primaryimage"},"image":{"@id":"https:\/\/businessvordingborg.dk\/en\/oeku-dagsorden-erhvervsstof-bliver-fast-punkt-i-magtfuldt-udvalg\/#primaryimage"},"thumbnailUrl":"https:\/\/businessvordingborg.dk\/wp-content\/uploads\/2025\/02\/borgmester-artelia-komp-6_600x338.jpg","datePublished":"2025-02-05T10:17:41+00:00","dateModified":"2025-05-08T08:47:15+00:00","description":"\u00d8konomiudvalget i Vordingborg Kommune har p\u00e5 deres seneste udvalgsm\u00f8de besluttet at erhvervsstof skal v\u00e6re et fast punkt p\u00e5 \u00d8KU-dagsorden.","breadcrumb":{"@id":"https:\/\/businessvordingborg.dk\/en\/oeku-dagsorden-erhvervsstof-bliver-fast-punkt-i-magtfuldt-udvalg\/#breadcrumb"},"inLanguage":"en-US","potentialAction":[{"@type":"ReadAction","target":["https:\/\/businessvordingborg.dk\/en\/oeku-dagsorden-erhvervsstof-bliver-fast-punkt-i-magtfuldt-udvalg\/"]}]},{"@type":"ImageObject","inLanguage":"en-US","@id":"https:\/\/businessvordingborg.dk\/en\/oeku-dagsorden-erhvervsstof-bliver-fast-punkt-i-magtfuldt-udvalg\/#primaryimage","url":"https:\/\/businessvordingborg.dk\/wp-content\/uploads\/2025\/02\/borgmester-artelia-komp-6_600x338.jpg","contentUrl":"https:\/\/businessvordingborg.dk\/wp-content\/uploads\/2025\/02\/borgmester-artelia-komp-6_600x338.jpg","width":600,"height":338},{"@type":"BreadcrumbList","@id":"https:\/\/businessvordingborg.dk\/en\/oeku-dagsorden-erhvervsstof-bliver-fast-punkt-i-magtfuldt-udvalg\/#breadcrumb","itemListElement":[{"@type":"ListItem","position":1,"name":"Hjem","item":"https:\/\/businessvordingborg.dk\/en\/"},{"@type":"ListItem","position":2,"name":"Erhvervsstof bliver fast punkt p\u00e5 \u00d8KU-dagsorden"}]},{"@type":"WebSite","@id":"https:\/\/businessvordingborg.dk\/en\/#website","url":"https:\/\/businessvordingborg.dk\/en\/","name":"Business Vordingborg","description":"Vi tiltr\u00e6kker, udvikler og v\u00e6kster virksomheder i Vordingborg kommune","publisher":{"@id":"https:\/\/businessvordingborg.dk\/en\/#organization"},"potentialAction":[{"@type":"SearchAction","target":{"@type":"EntryPoint","urlTemplate":"https:\/\/businessvordingborg.dk\/en\/?s={search_term_string}"},"query-input":{"@type":"PropertyValueSpecification","valueRequired":true,"valueName":"search_term_string"}}],"inLanguage":"en-US"},{"@type":"Organization","@id":"https:\/\/businessvordingborg.dk\/en\/#organization","name":"Business Vordingborg","url":"https:\/\/businessvordingborg.dk\/en\/","logo":{"@type":"ImageObject","inLanguage":"en-US","@id":"https:\/\/businessvordingborg.dk\/en\/#\/schema\/logo\/image\/","url":"https:\/\/businessvordingborg.dk\/wp-content\/uploads\/2022\/04\/Website_logo.png","contentUrl":"https:\/\/businessvordingborg.dk\/wp-content\/uploads\/2022\/04\/Website_logo.png","width":1180,"height":664,"caption":"Business Vordingborg"},"image":{"@id":"https:\/\/businessvordingborg.dk\/en\/#\/schema\/logo\/image\/"},"sameAs":["https:\/\/www.facebook.com\/businessvordingborg","https:\/\/www.linkedin.com\/company\/business-vordingborg"]},{"@type":"Person","@id":"https:\/\/businessvordingborg.dk\/en\/#\/schema\/person\/e323a8efa16def86001c90dac2e40f0c","name":"Kasper Buur","image":{"@type":"ImageObject","inLanguage":"en-US","@id":"https:\/\/secure.gravatar.com\/avatar\/06a465b7f4abc8438e7e1f0242e53f5c66e0da3c9b363a140d50b2a830cc3470?s=96&d=mm&r=g","url":"https:\/\/secure.gravatar.com\/avatar\/06a465b7f4abc8438e7e1f0242e53f5c66e0da3c9b363a140d50b2a830cc3470?s=96&d=mm&r=g","contentUrl":"https:\/\/secure.gravatar.com\/avatar\/06a465b7f4abc8438e7e1f0242e53f5c66e0da3c9b363a140d50b2a830cc3470?s=96&d=mm&r=g","caption":"Kasper Buur"},"url":"https:\/\/businessvordingborg.dk\/en\/author\/kbvordingborgerhverv-dk\/"}]}},"_links":{"self":[{"href":"https:\/\/businessvordingborg.dk\/en\/wp-json\/wp\/v2\/posts\/33081","targetHints":{"allow":["GET"]}}],"collection":[{"href":"https:\/\/businessvordingborg.dk\/en\/wp-json\/wp\/v2\/posts"}],"about":[{"href":"https:\/\/businessvordingborg.dk\/en\/wp-json\/wp\/v2\/types\/post"}],"author":[{"embeddable":true,"href":"https:\/\/businessvordingborg.dk\/en\/wp-json\/wp\/v2\/users\/23"}],"replies":[{"embeddable":true,"href":"https:\/\/businessvordingborg.dk\/en\/wp-json\/wp\/v2\/comments?post=33081"}],"version-history":[{"count":0,"href":"https:\/\/businessvordingborg.dk\/en\/wp-json\/wp\/v2\/posts\/33081\/revisions"}],"wp:featuredmedia":[{"embeddable":true,"href":"https:\/\/businessvordingborg.dk\/en\/wp-json\/wp\/v2\/media\/33084"}],"wp:attachment":[{"href":"https:\/\/businessvordingborg.dk\/en\/wp-json\/wp\/v2\/media?parent=33081"}],"wp:term":[{"taxonomy":"category","embeddable":true,"href":"https:\/\/businessvordingborg.dk\/en\/wp-json\/wp\/v2\/categories?post=33081"},{"taxonomy":"post_tag","embeddable":true,"href":"https:\/\/businessvordingborg.dk\/en\/wp-json\/wp\/v2\/tags?post=33081"}],"curies":[{"name":"wp","href":"https:\/\/api.w.org\/{rel}","templated":true}]}}